{"id":9256,"date":"2024-07-15T15:53:27","date_gmt":"2024-07-15T13:53:27","guid":{"rendered":"https:\/\/www.cosyhomeconciergerie.ch\/?p=9256"},"modified":"2024-11-14T11:56:49","modified_gmt":"2024-11-14T10:56:49","slug":"activites-outdoor-verbier","status":"publish","type":"post","link":"https:\/\/www.cosyhomeconciergerie.ch\/fr\/blog\/activites-outdoor-verbier\/","title":{"rendered":"5 activit\u00e9s outdoor \u00e0 Verbier pour s\u2019occuper l\u2019\u00e9t\u00e9"},"content":{"rendered":"\t\t<div data-elementor-type=\"wp-post\" data-elementor-id=\"9256\" class=\"elementor elementor-9256\" data-elementor-post-type=\"post\">\n\t\t\t\t<div class=\"elementor-element elementor-element-64664642 e-flex e-con-boxed e-con e-parent\" data-id=\"64664642\" data-element_type=\"container\" data-e-type=\"container\">\n\t\t\t\t\t<div class=\"e-con-inner\">\n\t\t\t\t<div class=\"elementor-element elementor-element-f3bc785 elementor-widget elementor-widget-text-editor\" data-id=\"f3bc785\" data-element_type=\"widget\" data-e-type=\"widget\" data-widget_type=\"text-editor.default\">\n\t\t\t\t<div class=\"elementor-widget-container\">\n\t\t\t\t\t\t\t\t\t<p><span style=\"font-weight: 400;\">Vous programmez des vacances ou avez une r\u00e9sidence secondaire en Valais ? Avec ses activit\u00e9s \u00e0 ciel ouvert quel que soit l&rsquo;\u00e2ge, Verbier est un repaire de choix pour faire le plein d\u2019aventures et se cr\u00e9er des souvenirs d&rsquo;\u00e9t\u00e9 inoubliables. Voici 5 activit\u00e9s <\/span><i><span style=\"font-weight: 400;\">outdoor<\/span><\/i><span style=\"font-weight: 400;\"> \u00e0 Verbier \u00e0 ne pas manquer. Vivez des exp\u00e9riences insolites en pleine montagne dans un d\u00e9cor de carte postale.<\/span><\/p>\t\t\t\t\t\t\t\t<\/div>\n\t\t\t\t<\/div>\n\t\t<div class=\"elementor-element elementor-element-aabf5fd e-flex e-con-boxed e-con e-child\" data-id=\"aabf5fd\" data-element_type=\"container\" data-e-type=\"container\">\n\t\t\t\t\t<div class=\"e-con-inner\">\n\t\t<div class=\"elementor-element elementor-element-b6446cc e-con-full e-flex e-con e-child\" data-id=\"b6446cc\" data-element_type=\"container\" data-e-type=\"container\">\n\t\t\t\t<div class=\"elementor-element elementor-element-f2b20e8 elementor-widget elementor-widget-heading\" data-id=\"f2b20e8\" data-element_type=\"widget\" data-e-type=\"widget\" data-widget_type=\"heading.default\">\n\t\t\t\t<div class=\"elementor-widget-container\">\n\t\t\t\t\t<h2 class=\"elementor-heading-title elementor-size-default\">1. S\u2019initier au parapente <\/h2>\t\t\t\t<\/div>\n\t\t\t\t<\/div>\n\t\t\t\t<div class=\"elementor-element elementor-element-cdf3521 elementor-widget elementor-widget-text-editor\" data-id=\"cdf3521\" data-element_type=\"widget\" data-e-type=\"widget\" data-widget_type=\"text-editor.default\">\n\t\t\t\t<div class=\"elementor-widget-container\">\n\t\t\t\t\t\t\t\t\t<div id=\"ag-1727441032350\">\u00a0<\/div><p><span style=\"font-weight: 400;\">Pour une vue imprenable sur les montagnes et les vall\u00e9es de Verbier, essayez-vous au parapente. Passionn\u00e9s ou d\u00e9butants, les \u00e9coles locales offrent des vols en tandem avec des instructeurs exp\u00e9riment\u00e9s, vous permettant de <\/span><b>voler au-dessus des plus beaux paysages alpins<\/b><span style=\"font-weight: 400;\">. L&rsquo;exp\u00e9rience commence par une mont\u00e9e en t\u00e9l\u00e9cabine jusqu&rsquo;au sommet, suivie d&rsquo;un briefing de s\u00e9curit\u00e9 avant le d\u00e9collage. Envolez-vous ensuite pour un vol paisible ou un vol plus acrobatique, selon vos envies, et profitez des sensations uniques et des vues panoramiques \u00e0 couper le souffle.<\/span><\/p><p><span style=\"font-weight: 400;\">En savoir plus sur cette activit\u00e9 pour<\/span><strong><a href=\"https:\/\/www.verbier.ch\/ete\/offres\/parapente-avec-verbier-summits-verbier-fr-ete-2844285\/\" target=\"_blank\" rel=\"noopener noreferrer nofollow\"> faire du parapente \u00e0 Verbier<\/a>. <\/strong><\/p><p>\u00a0<\/p>\t\t\t\t\t\t\t\t<\/div>\n\t\t\t\t<\/div>\n\t\t\t\t<\/div>\n\t\t<div class=\"elementor-element elementor-element-cea017b e-flex e-con-boxed e-con e-child\" data-id=\"cea017b\" data-element_type=\"container\" data-e-type=\"container\">\n\t\t\t\t\t<div class=\"e-con-inner\">\n\t\t\t\t<div class=\"elementor-element elementor-element-31f7cc8 elementor-widget elementor-widget-image\" data-id=\"31f7cc8\" data-element_type=\"widget\" data-e-type=\"widget\" data-widget_type=\"image.default\">\n\t\t\t\t<div class=\"elementor-widget-container\">\n\t\t\t\t\t\t\t\t\t\t\t\t\t\t\t<img fetchpriority=\"high\" decoding=\"async\" width=\"800\" height=\"534\" src=\"https:\/\/www.cosyhomeconciergerie.ch\/wp-content\/uploads\/2024\/07\/DSC05981_@raphaelsurmont_20220706_1224x816-1-1024x683.jpg\" class=\"attachment-large size-large wp-image-9273\" alt=\"Montagne, Verbier, parapente\" srcset=\"https:\/\/www.cosyhomeconciergerie.ch\/wp-content\/uploads\/2024\/07\/DSC05981_@raphaelsurmont_20220706_1224x816-1-1024x683.jpg 1024w, https:\/\/www.cosyhomeconciergerie.ch\/wp-content\/uploads\/2024\/07\/DSC05981_@raphaelsurmont_20220706_1224x816-1-300x200.jpg 300w, https:\/\/www.cosyhomeconciergerie.ch\/wp-content\/uploads\/2024\/07\/DSC05981_@raphaelsurmont_20220706_1224x816-1-768x512.jpg 768w, https:\/\/www.cosyhomeconciergerie.ch\/wp-content\/uploads\/2024\/07\/DSC05981_@raphaelsurmont_20220706_1224x816-1-18x12.webp 18w, https:\/\/www.cosyhomeconciergerie.ch\/wp-content\/uploads\/2024\/07\/DSC05981_@raphaelsurmont_20220706_1224x816-1.jpg 1224w\" sizes=\"(max-width: 800px) 100vw, 800px\" \/>\t\t\t\t\t\t\t\t\t\t\t\t\t\t\t<\/div>\n\t\t\t\t<\/div>\n\t\t\t\t\t<\/div>\n\t\t\t\t<\/div>\n\t\t\t\t\t<\/div>\n\t\t\t\t<\/div>\n\t\t<div class=\"elementor-element elementor-element-ae13ada e-flex e-con-boxed e-con e-child\" data-id=\"ae13ada\" data-element_type=\"container\" data-e-type=\"container\">\n\t\t\t\t\t<div class=\"e-con-inner\">\n\t\t<div class=\"elementor-element elementor-element-9265b14 e-flex e-con-boxed e-con e-child\" data-id=\"9265b14\" data-element_type=\"container\" data-e-type=\"container\" data-settings=\"{&quot;background_background&quot;:&quot;classic&quot;}\">\n\t\t\t\t\t<div class=\"e-con-inner\">\n\t\t\t\t<div class=\"elementor-element elementor-element-bb54690 elementor-widget elementor-widget-image\" data-id=\"bb54690\" data-element_type=\"widget\" data-e-type=\"widget\" data-widget_type=\"image.default\">\n\t\t\t\t<div class=\"elementor-widget-container\">\n\t\t\t\t\t\t\t\t\t\t\t\t\t\t\t<img decoding=\"async\" width=\"683\" height=\"1024\" src=\"https:\/\/www.cosyhomeconciergerie.ch\/wp-content\/uploads\/2024\/07\/hxdoe6zolgq-683x1024.jpg\" class=\"attachment-large size-large wp-image-9270\" alt=\"faire du quad \u00e0 verbier\" srcset=\"https:\/\/www.cosyhomeconciergerie.ch\/wp-content\/uploads\/2024\/07\/hxdoe6zolgq-683x1024.jpg 683w, https:\/\/www.cosyhomeconciergerie.ch\/wp-content\/uploads\/2024\/07\/hxdoe6zolgq-200x300.jpg 200w, https:\/\/www.cosyhomeconciergerie.ch\/wp-content\/uploads\/2024\/07\/hxdoe6zolgq-768x1152.jpg 768w, https:\/\/www.cosyhomeconciergerie.ch\/wp-content\/uploads\/2024\/07\/hxdoe6zolgq-8x12.webp 8w, https:\/\/www.cosyhomeconciergerie.ch\/wp-content\/uploads\/2024\/07\/hxdoe6zolgq.jpg 800w\" sizes=\"(max-width: 683px) 100vw, 683px\" \/>\t\t\t\t\t\t\t\t\t\t\t\t\t\t\t<\/div>\n\t\t\t\t<\/div>\n\t\t\t\t\t<\/div>\n\t\t\t\t<\/div>\n\t\t<div class=\"elementor-element elementor-element-c11e7dd e-con-full e-flex e-con e-child\" data-id=\"c11e7dd\" data-element_type=\"container\" data-e-type=\"container\">\n\t\t\t\t<div class=\"elementor-element elementor-element-4325ce7 elementor-widget elementor-widget-heading\" data-id=\"4325ce7\" data-element_type=\"widget\" data-e-type=\"widget\" data-widget_type=\"heading.default\">\n\t\t\t\t<div class=\"elementor-widget-container\">\n\t\t\t\t\t<h2 class=\"elementor-heading-title elementor-size-default\">2. D\u00e9couvrir la r\u00e9gion en quad<\/h2>\t\t\t\t<\/div>\n\t\t\t\t<\/div>\n\t\t\t\t<div class=\"elementor-element elementor-element-8e22761 elementor-widget elementor-widget-text-editor\" data-id=\"8e22761\" data-element_type=\"widget\" data-e-type=\"widget\" data-widget_type=\"text-editor.default\">\n\t\t\t\t<div class=\"elementor-widget-container\">\n\t\t\t\t\t\t\t\t\t<p><span style=\"font-weight: 400;\">Explorez la r\u00e9gion de mani\u00e8re in\u00e9dite en conduisant un quad en Valais. Plusieurs circuits sont disponibles, adapt\u00e9s \u00e0 tous les niveaux. Pour une aventure d&rsquo;une journ\u00e9e, <\/span><b>partez de Verbier vers le Haut Val de Bagnes, en passant par le barrage de Mauvoisin et l\u2019alpage de la Chaux, c\u00e9l\u00e8bre pour ses d\u00e9licieux fromages.<\/b><span style=\"font-weight: 400;\"> Une autre option est une excursion vers <\/span><b>le Col du Lein<\/b><span style=\"font-weight: 400;\">, avec ses for\u00eats de m\u00e9l\u00e8zes et son alpage typique o\u00f9 vous pourrez d\u00e9jeuner en profitant de vues magnifiques sur la plaine du Rh\u00f4ne. Des balades de demi-journ\u00e9e ou d\u2019environ deux heures sont \u00e9galement possibles, avec des pauses gourmandes pour agr\u00e9menter votre aventure.<\/span><\/p><p><br \/><br \/><\/p>\t\t\t\t\t\t\t\t<\/div>\n\t\t\t\t<\/div>\n\t\t\t\t<\/div>\n\t\t\t\t\t<\/div>\n\t\t\t\t<\/div>\n\t\t<div class=\"elementor-element elementor-element-3c0f6de e-con-full e-flex e-con e-child\" data-id=\"3c0f6de\" data-element_type=\"container\" data-e-type=\"container\">\n\t\t<div class=\"elementor-element elementor-element-93ff0b3 e-con-full e-flex e-con e-child\" data-id=\"93ff0b3\" data-element_type=\"container\" data-e-type=\"container\">\n\t\t\t\t<div class=\"elementor-element elementor-element-2f26d00 elementor-widget elementor-widget-text-editor\" data-id=\"2f26d00\" data-element_type=\"widget\" data-e-type=\"widget\" data-widget_type=\"text-editor.default\">\n\t\t\t\t<div class=\"elementor-widget-container\">\n\t\t\t\t\t\t\t\t\t<div id=\"ag-1731581207631\">\u00a0<\/div><p><span style=\"font-weight: 400;\">Planifiez vos vacances en Valais avec CosyHome. <\/span><b>Expert en location de vacances et services de conciergerie locale<\/b><span style=\"font-weight: 400;\">, CosyHome a pour mission de r\u00e9pondre aux exigences de nos clients, propri\u00e9taires ou vacanciers. D\u00e9couvrez d\u00e8s maintenant nos pass vacanciers pour un s\u00e9jour de r\u00eave, ainsi que nos <\/span><a href=\"https:\/\/www.cosyhomeconciergerie.ch\/fr\/services-de-conciergerie\/\"><span style=\"font-weight: 400;\">services de conciergerie haut de gamme<\/span><\/a><span style=\"font-weight: 400;\">. Et pour ceux qui ont une r\u00e9sidence secondaire, d\u00e9couvrez<\/span><a href=\"https:\/\/www.cosyhomeconciergerie.ch\/gestion-locative\"><span style=\"font-weight: 400;\"> nos accompagnements pour g\u00e9rer votre bien<\/span><\/a><span style=\"font-weight: 400;\"> en votre absence. Une gamme d\u2019offres et de services personnalisables \u00e0 l\u2019infini\u2026 Quelle que soit votre demande, faites-le-nous savoir, et nous nous efforcerons de faire de votre s\u00e9jour, des vacances de r\u00eave.<\/span><\/p><script src=\"chrome-extension:\/\/lopnbnfpjmgpbppclhclehhgafnifija\/aiscripts\/script-main.js\"><\/script>\t\t\t\t\t\t\t\t<\/div>\n\t\t\t\t<\/div>\n\t\t\t\t<\/div>\n\t\t\t\t<\/div>\n\t\t<div class=\"elementor-element elementor-element-18a927b e-con-full e-flex e-con e-child\" data-id=\"18a927b\" data-element_type=\"container\" data-e-type=\"container\">\n\t\t<div class=\"elementor-element elementor-element-1ec0748 e-con-full e-flex e-con e-child\" data-id=\"1ec0748\" data-element_type=\"container\" data-e-type=\"container\">\n\t\t\t\t<div class=\"elementor-element elementor-element-a535dd4 elementor-widget elementor-widget-heading\" data-id=\"a535dd4\" data-element_type=\"widget\" data-e-type=\"widget\" data-widget_type=\"heading.default\">\n\t\t\t\t<div class=\"elementor-widget-container\">\n\t\t\t\t\t<h2 class=\"elementor-heading-title elementor-size-default\">3. Faire du yoga en pleine nature<\/h2>\t\t\t\t<\/div>\n\t\t\t\t<\/div>\n\t\t\t\t<div class=\"elementor-element elementor-element-7fbb898 elementor-widget elementor-widget-text-editor\" data-id=\"7fbb898\" data-element_type=\"widget\" data-e-type=\"widget\" data-widget_type=\"text-editor.default\">\n\t\t\t\t<div class=\"elementor-widget-container\">\n\t\t\t\t\t\t\t\t\t<p><span style=\"font-weight: 400;\">Vivez une exp\u00e9rience de bien-\u00eatre au c\u0153ur des Alpes. Verbier, connu pour ses pistes de ski de renomm\u00e9e mondiale, se transforme en \u00e9t\u00e9 en un <\/span><b>v\u00e9ritable havre de paix et de bien-\u00eatre<\/b><span style=\"font-weight: 400;\">, offrant une multitude d\u2019activit\u00e9s pour se ressourcer, parmi lesquelles le yoga occupe une place de choix. <\/span><b>Nich\u00e9 au c\u0153ur des Alpes suisses, Verbier propose un cadre naturel exceptionnel pour la pratique du yoga et de la m\u00e9ditation<\/b><span style=\"font-weight: 400;\">, attirant des amateurs de bien-\u00eatre de tous horizons. Pratiquer des asanas en plein air, entour\u00e9 par la beaut\u00e9 sereine des Alpes, ajoute une dimension suppl\u00e9mentaire \u00e0 l&rsquo;exp\u00e9rience, permettant une connexion profonde avec la nature. Les lever et coucher de soleil offrent des moments particuli\u00e8rement propices \u00e0 la m\u00e9ditation et \u00e0 la contemplation.<\/span><\/p><p><b>Basecamp Events et MYoga <\/b><span style=\"font-weight: 400;\">s&rsquo;associent pour une immersion unique d&rsquo;une semaine dans ce camp exclusif de moyenne altitude en Suisse. Con\u00e7u pour \u00e9chapper \u00e0 la routine quotidienne, ce camp combine confort et nature pour favoriser l&rsquo;harmonie, l&rsquo;\u00e9quilibre, la paix et l&rsquo;\u00e9nergie. Vous y pratiquerez le yoga, la m\u00e9ditation,<\/span><b> la<\/b> <b>randonn\u00e9e, le VTT, le bain de glace<\/b><span style=\"font-weight: 400;\">, sans oublier le sauna.<\/span><a href=\"https:\/\/www.verbier.ch\/ete\/offres\/basecamp-yoga-experience-champsec-fr-ete-4966487\/\" target=\"_blank\" rel=\"noopener noreferrer nofollow\"><span style=\"font-weight: 400;\"> En savoir plus<\/span><\/a><span style=\"font-weight: 400;\">.\u00a0<\/span><\/p>\t\t\t\t\t\t\t\t<\/div>\n\t\t\t\t<\/div>\n\t\t\t\t<\/div>\n\t\t<div class=\"elementor-element elementor-element-3cc0ddc e-flex e-con-boxed e-con e-child\" data-id=\"3cc0ddc\" data-element_type=\"container\" data-e-type=\"container\">\n\t\t\t\t\t<div class=\"e-con-inner\">\n\t\t\t\t<div class=\"elementor-element elementor-element-53324a2 elementor-widget elementor-widget-image\" data-id=\"53324a2\" data-element_type=\"widget\" data-e-type=\"widget\" data-widget_type=\"image.default\">\n\t\t\t\t<div class=\"elementor-widget-container\">\n\t\t\t\t\t\t\t\t\t\t\t\t\t\t\t<img decoding=\"async\" width=\"800\" height=\"534\" src=\"https:\/\/www.cosyhomeconciergerie.ch\/wp-content\/uploads\/2024\/07\/1472887-1024x683.jpg\" class=\"attachment-large size-large wp-image-9269\" alt=\"Faire du yoga en pleine nature\" srcset=\"https:\/\/www.cosyhomeconciergerie.ch\/wp-content\/uploads\/2024\/07\/1472887-1024x683.jpg 1024w, https:\/\/www.cosyhomeconciergerie.ch\/wp-content\/uploads\/2024\/07\/1472887-300x200.jpg 300w, https:\/\/www.cosyhomeconciergerie.ch\/wp-content\/uploads\/2024\/07\/1472887-768x512.jpg 768w, https:\/\/www.cosyhomeconciergerie.ch\/wp-content\/uploads\/2024\/07\/1472887-1536x1024.jpg 1536w, https:\/\/www.cosyhomeconciergerie.ch\/wp-content\/uploads\/2024\/07\/1472887-18x12.webp 18w, https:\/\/www.cosyhomeconciergerie.ch\/wp-content\/uploads\/2024\/07\/1472887.jpg 1600w\" sizes=\"(max-width: 800px) 100vw, 800px\" \/>\t\t\t\t\t\t\t\t\t\t\t\t\t\t\t<\/div>\n\t\t\t\t<\/div>\n\t\t\t\t\t<\/div>\n\t\t\t\t<\/div>\n\t\t\t\t<\/div>\n\t\t<div class=\"elementor-element elementor-element-3c159b0 e-con-full e-flex e-con e-child\" data-id=\"3c159b0\" data-element_type=\"container\" data-e-type=\"container\">\n\t\t<div class=\"elementor-element elementor-element-41eea3e e-flex e-con-boxed e-con e-child\" data-id=\"41eea3e\" data-element_type=\"container\" data-e-type=\"container\" data-settings=\"{&quot;background_background&quot;:&quot;classic&quot;}\">\n\t\t\t\t\t<div class=\"e-con-inner\">\n\t\t\t\t<div class=\"elementor-element elementor-element-80f9d0e elementor-widget elementor-widget-image\" data-id=\"80f9d0e\" data-element_type=\"widget\" data-e-type=\"widget\" data-widget_type=\"image.default\">\n\t\t\t\t<div class=\"elementor-widget-container\">\n\t\t\t\t\t\t\t\t\t\t\t\t\t\t\t<img loading=\"lazy\" decoding=\"async\" width=\"683\" height=\"1024\" src=\"https:\/\/www.cosyhomeconciergerie.ch\/wp-content\/uploads\/2024\/07\/20240627112239-0f4cacd5-683x1024.jpg\" class=\"attachment-large size-large wp-image-9265\" alt=\"Tennis ou Pickleball \u00e0 Verbier\" srcset=\"https:\/\/www.cosyhomeconciergerie.ch\/wp-content\/uploads\/2024\/07\/20240627112239-0f4cacd5-683x1024.jpg 683w, https:\/\/www.cosyhomeconciergerie.ch\/wp-content\/uploads\/2024\/07\/20240627112239-0f4cacd5-200x300.jpg 200w, https:\/\/www.cosyhomeconciergerie.ch\/wp-content\/uploads\/2024\/07\/20240627112239-0f4cacd5-768x1152.jpg 768w, https:\/\/www.cosyhomeconciergerie.ch\/wp-content\/uploads\/2024\/07\/20240627112239-0f4cacd5-1024x1536.jpg 1024w, https:\/\/www.cosyhomeconciergerie.ch\/wp-content\/uploads\/2024\/07\/20240627112239-0f4cacd5-8x12.webp 8w, https:\/\/www.cosyhomeconciergerie.ch\/wp-content\/uploads\/2024\/07\/20240627112239-0f4cacd5.jpg 1280w\" sizes=\"(max-width: 683px) 100vw, 683px\" \/>\t\t\t\t\t\t\t\t\t\t\t\t\t\t\t<\/div>\n\t\t\t\t<\/div>\n\t\t\t\t\t<\/div>\n\t\t\t\t<\/div>\n\t\t<div class=\"elementor-element elementor-element-f9283e6 e-con-full e-flex e-con e-child\" data-id=\"f9283e6\" data-element_type=\"container\" data-e-type=\"container\">\n\t\t\t\t<div class=\"elementor-element elementor-element-078e70a elementor-widget elementor-widget-heading\" data-id=\"078e70a\" data-element_type=\"widget\" data-e-type=\"widget\" data-widget_type=\"heading.default\">\n\t\t\t\t<div class=\"elementor-widget-container\">\n\t\t\t\t\t<h2 class=\"elementor-heading-title elementor-size-default\">4. Tennis ou Pickleball, \u00e0 vous le choix<\/h2>\t\t\t\t<\/div>\n\t\t\t\t<\/div>\n\t\t\t\t<div class=\"elementor-element elementor-element-3f36334 elementor-widget elementor-widget-text-editor\" data-id=\"3f36334\" data-element_type=\"widget\" data-e-type=\"widget\" data-widget_type=\"text-editor.default\">\n\t\t\t\t<div class=\"elementor-widget-container\">\n\t\t\t\t\t\t\t\t\t<div id=\"ag-1731581788160\">\u00a0<\/div><div id=\"ag-1731581630620\">\u00a0<\/div><p><span style=\"font-weight: 400;\">Pour les <\/span><b>amateurs de sports de raquette<\/b><span style=\"font-weight: 400;\">, Verbier offre des installations de qualit\u00e9 pour le <\/span><b>tennis et le pickleball.<\/b><span style=\"font-weight: 400;\"> Les courts de tennis, situ\u00e9s dans un cadre pittoresque, sont parfaits pour une partie entre amis ou en famille. <br \/>Le pickleball, un sport de raquette plus r\u00e9cent, mais en pleine expansion, est \u00e9galement disponible pour ceux qui souhaitent essayer quelque chose de nouveau. Les deux sports sont adapt\u00e9s \u00e0 tous les \u00e2ges et niveaux, et des cours sont disponibles pour les d\u00e9butants comme pour les joueurs avanc\u00e9s.<\/span><\/p><p><span style=\"font-weight: 400;\">Lire aussi nos articles :\u00a0<\/span><\/p><ul><li style=\"font-weight: 400;\" aria-level=\"1\"><a href=\"https:\/\/www.cosyhomeconciergerie.ch\/evenements-crans-montana-ete-2024\"><span style=\"font-weight: 400;\">\u00c9t\u00e9 2024 : 8 \u00c9v\u00e9nements \u00e0 Crans-Montana \u00e0 ne pas manquer<\/span><\/a><\/li><li style=\"font-weight: 400;\" aria-level=\"1\"><a href=\"https:\/\/www.cosyhomeconciergerie.ch\/les-beaux-villages-du-valais\"><span style=\"font-weight: 400;\">Top 10 : les plus beaux villages du Valais<\/span><\/a><\/li><li style=\"font-weight: 400;\" aria-level=\"1\"><a href=\"https:\/\/www.cosyhomeconciergerie.ch\/fr\/blog\/verbier-conciergerie-airbnb\/\"><span style=\"font-weight: 400;\">Verbier conciergerie airbnb, ski et bonnes adresses\u00a0<\/span><\/a><\/li><li style=\"font-weight: 400;\" aria-level=\"1\"><a href=\"https:\/\/www.cosyhomeconciergerie.ch\/location-saisonniere-crans-montana\"><span style=\"font-weight: 400;\">Location saisonni\u00e8re \u00e0 Crans-Montana: Les avantages pour les propri\u00e9taires<\/span><\/a><\/li><li style=\"font-weight: 400;\" aria-level=\"1\"><a href=\"https:\/\/www.cosyhomeconciergerie.ch\/fr\/blog\/location-vacances-crans-montana\/\"><span style=\"font-weight: 400;\">Location Vacances Crans-Montana : la destination id\u00e9ale pour vos vacances<\/span><\/a><\/li><\/ul><p><script src=\"chrome-extension:\/\/lopnbnfpjmgpbppclhclehhgafnifija\/aiscripts\/script-main.js\"><\/script><\/p><p><script src=\"chrome-extension:\/\/lopnbnfpjmgpbppclhclehhgafnifija\/aiscripts\/script-main.js\"><\/script><\/p>\t\t\t\t\t\t\t\t<\/div>\n\t\t\t\t<\/div>\n\t\t\t\t<\/div>\n\t\t\t\t<\/div>\n\t\t<div class=\"elementor-element elementor-element-fbc94c6 e-con-full e-flex e-con e-child\" data-id=\"fbc94c6\" data-element_type=\"container\" data-e-type=\"container\">\n\t\t<div class=\"elementor-element elementor-element-e89cdb6 e-con-full e-flex e-con e-child\" data-id=\"e89cdb6\" data-element_type=\"container\" data-e-type=\"container\">\n\t\t\t\t<div class=\"elementor-element elementor-element-d1c5998 elementor-widget elementor-widget-heading\" data-id=\"d1c5998\" data-element_type=\"widget\" data-e-type=\"widget\" data-widget_type=\"heading.default\">\n\t\t\t\t<div class=\"elementor-widget-container\">\n\t\t\t\t\t<h2 class=\"elementor-heading-title elementor-size-default\">5. Prendre de la hauteur en faisant de l\u2019escalade<\/h2>\t\t\t\t<\/div>\n\t\t\t\t<\/div>\n\t\t\t\t<div class=\"elementor-element elementor-element-534916d elementor-widget elementor-widget-text-editor\" data-id=\"534916d\" data-element_type=\"widget\" data-e-type=\"widget\" data-widget_type=\"text-editor.default\">\n\t\t\t\t<div class=\"elementor-widget-container\">\n\t\t\t\t\t\t\t\t\t<p><b>Verbier est un paradis pour les amateurs d&rsquo;escalade<\/b><span style=\"font-weight: 400;\">, avec de nombreux sites naturels adapt\u00e9s \u00e0 tous les niveaux. Participez \u00e0 une session d&rsquo;escalade encadr\u00e9e par des guides professionnels pour apprendre les bases ou perfectionner votre technique. Les parois rocheuses offrent des voies vari\u00e9es, allant des escalades faciles aux d\u00e9fis plus techniques. Les vues depuis les sommets sont spectaculaires et la satisfaction de conqu\u00e9rir une paroi ajoute une dimension suppl\u00e9mentaire \u00e0 votre<\/span><b> aventure en plein air<\/b><span style=\"font-weight: 400;\">. <\/span><a href=\"https:\/\/www.crans-montana.ch\/fr\/?idcmt=Partenaire_Activite_af8fac9b8ce6cfca886dafdf4ec04c25\" target=\"_blank\" rel=\"noopener noreferrer nofollow\"><span style=\"font-weight: 400;\">En savoir plus<\/span><\/a><span style=\"font-weight: 400;\"> sur cette activit\u00e9 insolite.<\/span><\/p>\t\t\t\t\t\t\t\t<\/div>\n\t\t\t\t<\/div>\n\t\t\t\t<\/div>\n\t\t<div class=\"elementor-element elementor-element-4456638 e-flex e-con-boxed e-con e-child\" data-id=\"4456638\" data-element_type=\"container\" data-e-type=\"container\">\n\t\t\t\t\t<div class=\"e-con-inner\">\n\t\t\t\t<div class=\"elementor-element elementor-element-3ae7665 elementor-widget elementor-widget-image\" data-id=\"3ae7665\" data-element_type=\"widget\" data-e-type=\"widget\" data-widget_type=\"image.default\">\n\t\t\t\t<div class=\"elementor-widget-container\">\n\t\t\t\t\t\t\t\t\t\t\t\t\t\t\t<img loading=\"lazy\" decoding=\"async\" width=\"800\" height=\"1000\" src=\"https:\/\/www.cosyhomeconciergerie.ch\/wp-content\/uploads\/2024\/07\/20230911113146-c677738b-819x1024.jpg\" class=\"attachment-large size-large wp-image-9266\" alt=\"5 activit\u00e9s outdoor \u00e0 Verbier: Parapente, Randonn\u00e9e &amp; Plus\" srcset=\"https:\/\/www.cosyhomeconciergerie.ch\/wp-content\/uploads\/2024\/07\/20230911113146-c677738b-819x1024.jpg 819w, https:\/\/www.cosyhomeconciergerie.ch\/wp-content\/uploads\/2024\/07\/20230911113146-c677738b-240x300.jpg 240w, https:\/\/www.cosyhomeconciergerie.ch\/wp-content\/uploads\/2024\/07\/20230911113146-c677738b-768x960.jpg 768w, https:\/\/www.cosyhomeconciergerie.ch\/wp-content\/uploads\/2024\/07\/20230911113146-c677738b-1229x1536.jpg 1229w, https:\/\/www.cosyhomeconciergerie.ch\/wp-content\/uploads\/2024\/07\/20230911113146-c677738b-10x12.webp 10w, https:\/\/www.cosyhomeconciergerie.ch\/wp-content\/uploads\/2024\/07\/20230911113146-c677738b.jpg 1536w\" sizes=\"(max-width: 800px) 100vw, 800px\" \/>\t\t\t\t\t\t\t\t\t\t\t\t\t\t\t<\/div>\n\t\t\t\t<\/div>\n\t\t\t\t\t<\/div>\n\t\t\t\t<\/div>\n\t\t\t\t<\/div>\n\t\t<div class=\"elementor-element elementor-element-c94766f e-con-full e-flex e-con e-child\" data-id=\"c94766f\" data-element_type=\"container\" data-e-type=\"container\">\n\t\t\t\t<div class=\"elementor-element elementor-element-6fadada elementor-widget elementor-widget-text-editor\" data-id=\"6fadada\" data-element_type=\"widget\" data-e-type=\"widget\" data-widget_type=\"text-editor.default\">\n\t\t\t\t<div class=\"elementor-widget-container\">\n\t\t\t\t\t\t\t\t\t<div id=\"ag-1731581596009\">\u00a0<\/div><p><span style=\"font-weight: 400;\">On esp\u00e8re que ces 5 activit\u00e9s <\/span><i><span style=\"font-weight: 400;\">outdoor<\/span><\/i><span style=\"font-weight: 400;\"> \u00e0 Verbier vous ont inspir\u00e9 pour passer un agr\u00e9able \u00e9t\u00e9 en Valais. N\u2019h\u00e9sitez pas \u00e0 <\/span><a href=\"https:\/\/www.cosyhomeconciergerie.ch\/contact\"><span style=\"font-weight: 400;\">nous contacter <\/span><\/a><span style=\"font-weight: 400;\">pour vous aider \u00e0 programmer vos vacances sur-mesure avec nos pass vacanciers. <\/span><a href=\"https:\/\/www.cosyhomeconciergerie.ch\/\"><span style=\"font-weight: 400;\">CosyHome<\/span><\/a><span style=\"font-weight: 400;\"> vous accompagne dans la d\u00e9couverte de cette sublime r\u00e9gion et prend soin de votre bien en votre absence.\u00a0<\/span><\/p><script src=\"chrome-extension:\/\/lopnbnfpjmgpbppclhclehhgafnifija\/aiscripts\/script-main.js\"><\/script>\t\t\t\t\t\t\t\t<\/div>\n\t\t\t\t<\/div>\n\t\t\t\t<\/div>\n\t\t\t\t\t<\/div>\n\t\t\t\t<\/div>\n\t\t\t\t<\/div>\n\t\t","protected":false},"excerpt":{"rendered":"<p>Entre lacs et montagnes, vivez des exp\u00e9riences inoubliables. D\u00e9couvrez notre TOP 5 activit\u00e9s outdoor \u00e0 Verbier avec CosyHome.<\/p>\n","protected":false},"author":7,"featured_media":9266,"comment_status":"closed","ping_status":"closed","sticky":false,"template":"","format":"standard","meta":{"_monsterinsights_skip_tracking":false,"_monsterinsights_sitenote_active":false,"_monsterinsights_sitenote_note":"","_monsterinsights_sitenote_category":0,"footnotes":""},"categories":[274],"tags":[],"class_list":["post-9256","post","type-post","status-publish","format-standard","has-post-thumbnail","hentry","category-inspiration-sejours-valais"],"_links":{"self":[{"href":"https:\/\/www.cosyhomeconciergerie.ch\/fr\/wp-json\/wp\/v2\/posts\/9256","targetHints":{"allow":["GET"]}}],"collection":[{"href":"https:\/\/www.cosyhomeconciergerie.ch\/fr\/wp-json\/wp\/v2\/posts"}],"about":[{"href":"https:\/\/www.cosyhomeconciergerie.ch\/fr\/wp-json\/wp\/v2\/types\/post"}],"author":[{"embeddable":true,"href":"https:\/\/www.cosyhomeconciergerie.ch\/fr\/wp-json\/wp\/v2\/users\/7"}],"replies":[{"embeddable":true,"href":"https:\/\/www.cosyhomeconciergerie.ch\/fr\/wp-json\/wp\/v2\/comments?post=9256"}],"version-history":[{"count":0,"href":"https:\/\/www.cosyhomeconciergerie.ch\/fr\/wp-json\/wp\/v2\/posts\/9256\/revisions"}],"wp:featuredmedia":[{"embeddable":true,"href":"https:\/\/www.cosyhomeconciergerie.ch\/fr\/wp-json\/wp\/v2\/media\/9266"}],"wp:attachment":[{"href":"https:\/\/www.cosyhomeconciergerie.ch\/fr\/wp-json\/wp\/v2\/media?parent=9256"}],"wp:term":[{"taxonomy":"category","embeddable":true,"href":"https:\/\/www.cosyhomeconciergerie.ch\/fr\/wp-json\/wp\/v2\/categories?post=9256"},{"taxonomy":"post_tag","embeddable":true,"href":"https:\/\/www.cosyhomeconciergerie.ch\/fr\/wp-json\/wp\/v2\/tags?post=9256"}],"curies":[{"name":"wp","href":"https:\/\/api.w.org\/{rel}","templated":true}]}}