{"id":8375,"date":"2024-05-30T20:39:21","date_gmt":"2024-05-30T18:39:21","guid":{"rendered":"https:\/\/cosyhomeconciergerie.ch\/?p=8375"},"modified":"2024-11-14T12:06:09","modified_gmt":"2024-11-14T11:06:09","slug":"evenements-crans-montana-ete-2024","status":"publish","type":"post","link":"https:\/\/www.cosyhomeconciergerie.ch\/fr\/blog\/evenements-crans-montana-ete-2024\/","title":{"rendered":"\u00c9t\u00e9 2024 : 8 \u00c9v\u00e9nements \u00e0 Crans-Montana \u00e0 ne pas manquer"},"content":{"rendered":"\t\t<div data-elementor-type=\"wp-post\" data-elementor-id=\"8375\" class=\"elementor elementor-8375\" data-elementor-post-type=\"post\">\n\t\t\t\t<div class=\"elementor-element elementor-element-64664642 e-flex e-con-boxed e-con e-parent\" data-id=\"64664642\" data-element_type=\"container\" data-e-type=\"container\">\n\t\t\t\t\t<div class=\"e-con-inner\">\n\t\t\t\t<div class=\"elementor-element elementor-element-f3bc785 elementor-widget elementor-widget-text-editor\" data-id=\"f3bc785\" data-element_type=\"widget\" data-e-type=\"widget\" data-widget_type=\"text-editor.default\">\n\t\t\t\t<div class=\"elementor-widget-container\">\n\t\t\t\t\t\t\t\t\t<p><span style=\"font-weight: 400;\">L&rsquo;\u00e9t\u00e9 2024 promet d&rsquo;\u00eatre riche en \u00e9v\u00e9nements \u00e0 Crans-Montana. Que vous soyez amateur de musique, de sport ou de culture, <\/span><b>la station propose une vari\u00e9t\u00e9 d&rsquo;activit\u00e9s pour tous les go\u00fbts<\/b><span style=\"font-weight: 400;\">.\u00a0 Pr\u00e9parez-vous \u00e0 vivre des moments uniques en famille ou entre amis dans l&rsquo;un des plus beaux endroits des Alpes suisses.<\/span><\/p>\t\t\t\t\t\t\t\t<\/div>\n\t\t\t\t<\/div>\n\t\t<div class=\"elementor-element elementor-element-aabf5fd e-flex e-con-boxed e-con e-child\" data-id=\"aabf5fd\" data-element_type=\"container\" data-e-type=\"container\">\n\t\t\t\t\t<div class=\"e-con-inner\">\n\t\t<div class=\"elementor-element elementor-element-b6446cc e-con-full e-flex e-con e-child\" data-id=\"b6446cc\" data-element_type=\"container\" data-e-type=\"container\">\n\t\t\t\t<div class=\"elementor-element elementor-element-f2b20e8 elementor-widget elementor-widget-heading\" data-id=\"f2b20e8\" data-element_type=\"widget\" data-e-type=\"widget\" data-widget_type=\"heading.default\">\n\t\t\t\t<div class=\"elementor-widget-container\">\n\t\t\t\t\t<h2 class=\"elementor-heading-title elementor-size-default\">1. WHOOP UCI Mountain Bike World Series\n<\/h2>\t\t\t\t<\/div>\n\t\t\t\t<\/div>\n\t\t\t\t<div class=\"elementor-element elementor-element-f5e0c67 elementor-widget elementor-widget-heading\" data-id=\"f5e0c67\" data-element_type=\"widget\" data-e-type=\"widget\" data-widget_type=\"heading.default\">\n\t\t\t\t<div class=\"elementor-widget-container\">\n\t\t\t\t\t<h3 class=\"elementor-heading-title elementor-size-default\">Dates : du 21 juin au 23 juin<\/h3>\t\t\t\t<\/div>\n\t\t\t\t<\/div>\n\t\t\t\t<div class=\"elementor-element elementor-element-cdf3521 elementor-widget elementor-widget-text-editor\" data-id=\"cdf3521\" data-element_type=\"widget\" data-e-type=\"widget\" data-widget_type=\"text-editor.default\">\n\t\t\t\t<div class=\"elementor-widget-container\">\n\t\t\t\t\t\t\t\t\t<p>Un an avant <b>les Championnats du Monde Mountain Bike UCI 2025<\/b> en Valais, Crans-Montana accueillera une \u00e9tape des WHOOP UCI Mountain Bike World Series, mettant en vedette les disciplines du Cross-Country et du Short Track. Ces comp\u00e9titions verront <b>les meilleurs athl\u00e8tes du monde s&rsquo;affronter sur un parcours exigeant<\/b> reliant le centre de Crans-Montana au Lac de Chermignon. Ne manquez pas cet \u00e9v\u00e9nement incontournable et pr\u00e9parez-vous \u00e0 vivre des moments palpitants\u202f!<\/p>\t\t\t\t\t\t\t\t<\/div>\n\t\t\t\t<\/div>\n\t\t\t\t<div class=\"elementor-element elementor-element-cfbb561 elementor-widget elementor-widget-heading\" data-id=\"cfbb561\" data-element_type=\"widget\" data-e-type=\"widget\" data-widget_type=\"heading.default\">\n\t\t\t\t<div class=\"elementor-widget-container\">\n\t\t\t\t\t<h2 class=\"elementor-heading-title elementor-size-default\">2. La Beach Club de Crans-Montana<\/h2>\t\t\t\t<\/div>\n\t\t\t\t<\/div>\n\t\t\t\t<div class=\"elementor-element elementor-element-fd8dc7a elementor-widget elementor-widget-heading\" data-id=\"fd8dc7a\" data-element_type=\"widget\" data-e-type=\"widget\" data-widget_type=\"heading.default\">\n\t\t\t\t<div class=\"elementor-widget-container\">\n\t\t\t\t\t<h3 class=\"elementor-heading-title elementor-size-default\">Dates : du 24 mai au 25 ao\u00fbt <\/h3>\t\t\t\t<\/div>\n\t\t\t\t<\/div>\n\t\t\t\t<div class=\"elementor-element elementor-element-b4a28a7 elementor-widget elementor-widget-text-editor\" data-id=\"b4a28a7\" data-element_type=\"widget\" data-e-type=\"widget\" data-widget_type=\"text-editor.default\">\n\t\t\t\t<div class=\"elementor-widget-container\">\n\t\t\t\t\t\t\t\t\t<p><strong>Profitez pleinement de la saison estivale avec le plus c\u00e9l\u00e8bre Beach Club de Crans-Montana<\/strong>. Vous le trouverez chaque \u00e9t\u00e9 prendre ses quartiers \u00e0 <a href=\"https:\/\/www.google.com\/maps\/place\/Etang+Long\/@46.3023337,7.4642813,17z\/data=!3m1!4b1!4m6!3m5!1s0x478ee0306b0c444f:0x16bb67c716d99633!8m2!3d46.3023301!4d7.4691522!16s%2Fg%2F11tjbvgq01?entry=ttu\" target=\"_blank\" rel=\"noopener noreferrer nofollow\">l&rsquo;\u00c9tang Long<\/a>. Ouvert de 11\u00a0h\u00a000 \u00e0 21\u00a0h\u00a000, il offre aux plus actifs la possibilit\u00e9 de se d\u00e9fier au beach-volley, aux bou\u00e9es sur le lac ou au cablewake.\u00a0<\/p><p>Transats, baignade, restauration et bars les pieds dans le sable raviront ceux en qu\u00eate de d\u00e9tente et de repos. Les plus jeunes pourront s&rsquo;amuser dans le sable ou au jardin d&rsquo;enfants. Notez que l&rsquo;entr\u00e9e et le parking sont gratuits.<\/p><p><a href=\"https:\/\/www.crans-montana.ch\/fr\/beachclub\/\" target=\"_blank\" rel=\"noopener noreferrer nofollow\">En savoir plus<\/a>\u00a0<\/p><p>Vous souhaitez louer votre r\u00e9sidence secondaire \u00e0 Crans-Montana ou souhaitez faire appel \u00e0 nos services de conciergerie de luxe ? N\u2019h\u00e9sitez pas \u00e0 <a href=\"https:\/\/www.cosyhomeconciergerie.ch\/contact\">nous contacter<\/a> afin de vous accompagner quelle que soit votre demande dans la station et ses environs.\u00a0<\/p><p>\u00a0<\/p>\t\t\t\t\t\t\t\t<\/div>\n\t\t\t\t<\/div>\n\t\t\t\t<\/div>\n\t\t<div class=\"elementor-element elementor-element-cea017b e-flex e-con-boxed e-con e-child\" data-id=\"cea017b\" data-element_type=\"container\" data-e-type=\"container\">\n\t\t\t\t\t<div class=\"e-con-inner\">\n\t\t\t\t<div class=\"elementor-element elementor-element-31f7cc8 elementor-widget elementor-widget-image\" data-id=\"31f7cc8\" data-element_type=\"widget\" data-e-type=\"widget\" data-widget_type=\"image.default\">\n\t\t\t\t<div class=\"elementor-widget-container\">\n\t\t\t\t\t\t\t\t\t\t\t\t\t\t\t<img fetchpriority=\"high\" decoding=\"async\" width=\"800\" height=\"534\" src=\"https:\/\/www.cosyhomeconciergerie.ch\/wp-content\/uploads\/2024\/05\/2022_BeachVolley_BeachClub_8926_PatGuller-1024x683.jpg\" class=\"attachment-large size-large wp-image-8395\" alt=\"La Beach Club de Crans-Montana\" srcset=\"https:\/\/www.cosyhomeconciergerie.ch\/wp-content\/uploads\/2024\/05\/2022_BeachVolley_BeachClub_8926_PatGuller-1024x683.jpg 1024w, https:\/\/www.cosyhomeconciergerie.ch\/wp-content\/uploads\/2024\/05\/2022_BeachVolley_BeachClub_8926_PatGuller-300x200.jpg 300w, https:\/\/www.cosyhomeconciergerie.ch\/wp-content\/uploads\/2024\/05\/2022_BeachVolley_BeachClub_8926_PatGuller-768x512.jpg 768w, https:\/\/www.cosyhomeconciergerie.ch\/wp-content\/uploads\/2024\/05\/2022_BeachVolley_BeachClub_8926_PatGuller-1536x1024.jpg 1536w, https:\/\/www.cosyhomeconciergerie.ch\/wp-content\/uploads\/2024\/05\/2022_BeachVolley_BeachClub_8926_PatGuller-18x12.webp 18w, https:\/\/www.cosyhomeconciergerie.ch\/wp-content\/uploads\/2024\/05\/2022_BeachVolley_BeachClub_8926_PatGuller.jpg 1920w\" sizes=\"(max-width: 800px) 100vw, 800px\" \/>\t\t\t\t\t\t\t\t\t\t\t\t\t\t\t<\/div>\n\t\t\t\t<\/div>\n\t\t\t\t\t<\/div>\n\t\t\t\t<\/div>\n\t\t\t\t\t<\/div>\n\t\t\t\t<\/div>\n\t\t<div class=\"elementor-element elementor-element-3c159b0 e-flex e-con-boxed e-con e-child\" data-id=\"3c159b0\" data-element_type=\"container\" data-e-type=\"container\">\n\t\t\t\t\t<div class=\"e-con-inner\">\n\t\t<div class=\"elementor-element elementor-element-41eea3e e-flex e-con-boxed e-con e-child\" data-id=\"41eea3e\" data-element_type=\"container\" data-e-type=\"container\" data-settings=\"{&quot;background_background&quot;:&quot;classic&quot;}\">\n\t\t\t\t\t<div class=\"e-con-inner\">\n\t\t\t\t<div class=\"elementor-element elementor-element-26f7205 elementor-widget elementor-widget-spacer\" data-id=\"26f7205\" data-element_type=\"widget\" data-e-type=\"widget\" data-widget_type=\"spacer.default\">\n\t\t\t\t<div class=\"elementor-widget-container\">\n\t\t\t\t\t\t\t<div class=\"elementor-spacer\">\n\t\t\t<div class=\"elementor-spacer-inner\"><\/div>\n\t\t<\/div>\n\t\t\t\t\t\t<\/div>\n\t\t\t\t<\/div>\n\t\t\t\t\t<\/div>\n\t\t\t\t<\/div>\n\t\t<div class=\"elementor-element elementor-element-f9283e6 e-con-full e-flex e-con e-child\" data-id=\"f9283e6\" data-element_type=\"container\" data-e-type=\"container\">\n\t\t\t\t<div class=\"elementor-element elementor-element-078e70a elementor-widget elementor-widget-heading\" data-id=\"078e70a\" data-element_type=\"widget\" data-e-type=\"widget\" data-widget_type=\"heading.default\">\n\t\t\t\t<div class=\"elementor-widget-container\">\n\t\t\t\t\t<h2 class=\"elementor-heading-title elementor-size-default\">3. Wine &amp; Music, l'\u00e9v\u00e9nement pr\u00e9f\u00e9r\u00e9 des \u00e9picuriens\n<\/h2>\t\t\t\t<\/div>\n\t\t\t\t<\/div>\n\t\t\t\t<div class=\"elementor-element elementor-element-ea6a283 elementor-widget elementor-widget-heading\" data-id=\"ea6a283\" data-element_type=\"widget\" data-e-type=\"widget\" data-widget_type=\"heading.default\">\n\t\t\t\t<div class=\"elementor-widget-container\">\n\t\t\t\t\t<h3 class=\"elementor-heading-title elementor-size-default\">Dates : du 28 juin au 30  ao\u00fbt <\/h3>\t\t\t\t<\/div>\n\t\t\t\t<\/div>\n\t\t\t\t<div class=\"elementor-element elementor-element-3f36334 elementor-widget elementor-widget-text-editor\" data-id=\"3f36334\" data-element_type=\"widget\" data-e-type=\"widget\" data-widget_type=\"text-editor.default\">\n\t\t\t\t<div class=\"elementor-widget-container\">\n\t\t\t\t\t\t\t\t\tNe manquez pas ce <b>rendez-vous musical estival dans les jardins d&rsquo;Ycoor<\/b>, tous les vendredis de 17h \u00e0 20h !\n\nD\u00e9gustez les d\u00e9licieux vins de la r\u00e9gion, savourez une raclette d\u2019alpage ou une planchette de viande, et laissez-vous emporter par une ambiance musicale envo\u00fbtante. Folk, pop, blues ou swing, allez voir la programmation musicale.\n\u00c0 proximit\u00e9 se trouve une aire de jeux pour le plus grand plaisir des enfants. Cerise sur le g\u00e2teau, un sirop leur sera offert !\t\t\t\t\t\t\t\t<\/div>\n\t\t\t\t<\/div>\n\t\t\t\t<\/div>\n\t\t\t\t\t<\/div>\n\t\t\t\t<\/div>\n\t\t\t\t\t<\/div>\n\t\t\t\t<\/div>\n\t\t<div class=\"elementor-element elementor-element-6e9b2fc e-con-full e-flex e-con e-parent\" data-id=\"6e9b2fc\" data-element_type=\"container\" data-e-type=\"container\">\n\t\t<div class=\"elementor-element elementor-element-32eb84b e-flex e-con-boxed e-con e-child\" data-id=\"32eb84b\" data-element_type=\"container\" data-e-type=\"container\">\n\t\t\t\t\t<div class=\"e-con-inner\">\n\t\t<div class=\"elementor-element elementor-element-3295baa e-con-full e-flex e-con e-child\" data-id=\"3295baa\" data-element_type=\"container\" data-e-type=\"container\">\n\t\t\t\t<div class=\"elementor-element elementor-element-e124a4f elementor-widget elementor-widget-heading\" data-id=\"e124a4f\" data-element_type=\"widget\" data-e-type=\"widget\" data-widget_type=\"heading.default\">\n\t\t\t\t<div class=\"elementor-widget-container\">\n\t\t\t\t\t<h2 class=\"elementor-heading-title elementor-size-default\">4. Am Stram Gram, le festival familial incontournable\n<\/h2>\t\t\t\t<\/div>\n\t\t\t\t<\/div>\n\t\t\t\t<div class=\"elementor-element elementor-element-4c39149 elementor-widget elementor-widget-heading\" data-id=\"4c39149\" data-element_type=\"widget\" data-e-type=\"widget\" data-widget_type=\"heading.default\">\n\t\t\t\t<div class=\"elementor-widget-container\">\n\t\t\t\t\t<h3 class=\"elementor-heading-title elementor-size-default\">Dates : du 11 juillet au 14 juillet<\/h3>\t\t\t\t<\/div>\n\t\t\t\t<\/div>\n\t\t\t\t<div class=\"elementor-element elementor-element-a2ce3f2 elementor-widget elementor-widget-text-editor\" data-id=\"a2ce3f2\" data-element_type=\"widget\" data-e-type=\"widget\" data-widget_type=\"text-editor.default\">\n\t\t\t\t<div class=\"elementor-widget-container\">\n\t\t\t\t\t\t\t\t\t<div id=\"ag-1731582321824\">\u00a0<\/div><p>D\u00e9couvrez des univers captivants o\u00f9 les petits peuvent imiter les grands, des spectacles de cirque, des pi\u00e8ces de th\u00e9\u00e2tre, des ateliers cr\u00e9atifs ou encore des jeux en plein air. Tout cela dans un cadre magnifique, avec l\u2019air frais de la montagne en toile de fond.\u00a0<b style=\"letter-spacing: 0px;\"><br \/>Am Stram Gram est l&rsquo;\u00e9v\u00e9nement estival \u00e0 ne pas manquer<\/b><span style=\"letter-spacing: 0px;\"> pour des souvenirs inoubliables en famille !<\/span><br \/><br \/><br \/><u>Lire aussi nos articles<\/u> :<\/p><ul><li><strong><a href=\"https:\/\/www.cosyhomeconciergerie.ch\/chalet-suisse-location\">Chalet en Suisse, location avec services de conciergerie<\/a><\/strong><\/li><li><strong><a href=\"https:\/\/www.cosyhomeconciergerie.ch\/conciergerie-airbnb-crans-montana\">Conciergerie Airbnb Crans Montana<\/a><\/strong><\/li><li><strong><a href=\"https:\/\/www.cosyhomeconciergerie.ch\/nendaz-4-vallees-destination\">Nendaz 4 Vall\u00e9es : \u00e9t\u00e9 ou hiver, une destination \u00e0 ne pas manquer<\/a><\/strong><\/li><li><strong><a href=\"https:\/\/www.cosyhomeconciergerie.ch\/fr\/blog\/verbier-conciergerie-airbnb\/\">Verbier conciergerie airbnb, ski et bonnes adresses<\/a>\u00a0<\/strong><\/li><\/ul><script src=\"chrome-extension:\/\/lopnbnfpjmgpbppclhclehhgafnifija\/aiscripts\/script-main.js\"><\/script>\t\t\t\t\t\t\t\t<\/div>\n\t\t\t\t<\/div>\n\t\t\t\t<div class=\"elementor-element elementor-element-7759602 elementor-widget elementor-widget-heading\" data-id=\"7759602\" data-element_type=\"widget\" data-e-type=\"widget\" data-widget_type=\"heading.default\">\n\t\t\t\t<div class=\"elementor-widget-container\">\n\t\t\t\t\t<h2 class=\"elementor-heading-title elementor-size-default\">5. La F\u00eate nationale suisse<\/h2>\t\t\t\t<\/div>\n\t\t\t\t<\/div>\n\t\t\t\t<div class=\"elementor-element elementor-element-e6070e3 elementor-widget elementor-widget-heading\" data-id=\"e6070e3\" data-element_type=\"widget\" data-e-type=\"widget\" data-widget_type=\"heading.default\">\n\t\t\t\t<div class=\"elementor-widget-container\">\n\t\t\t\t\t<h3 class=\"elementor-heading-title elementor-size-default\">Dates : du 31 juillet au 01 ao\u00fbt <\/h3>\t\t\t\t<\/div>\n\t\t\t\t<\/div>\n\t\t\t\t<div class=\"elementor-element elementor-element-d67884b elementor-widget elementor-widget-text-editor\" data-id=\"d67884b\" data-element_type=\"widget\" data-e-type=\"widget\" data-widget_type=\"text-editor.default\">\n\t\t\t\t<div class=\"elementor-widget-container\">\n\t\t\t\t\t\t\t\t\t<p>C\u00e9l\u00e9br\u00e9e le 1\u1d49\u02b3 ao\u00fbt, cette f\u00eate est <b>une journ\u00e9e de festivit\u00e9s patriotiques<\/b> \u00e0 travers tout le pays. \u00c0 Crans-Montana, elle est marqu\u00e9e par <b>des feux d&rsquo;artifice spectaculaires, des d\u00e9fil\u00e9s traditionnels et des concerts en plein air<\/b>, rassemblant habitants et visiteurs dans une ambiance festive et chaleureuse. C&rsquo;est une occasion unique de d\u00e9couvrir la culture et les traditions suisses si vous venez \u00e0 cette p\u00e9riode.<\/p><p>\u00a0<\/p>\t\t\t\t\t\t\t\t<\/div>\n\t\t\t\t<\/div>\n\t\t\t\t<\/div>\n\t\t<div class=\"elementor-element elementor-element-0a5f6e9 e-flex e-con-boxed e-con e-child\" data-id=\"0a5f6e9\" data-element_type=\"container\" data-e-type=\"container\" data-settings=\"{&quot;background_background&quot;:&quot;classic&quot;}\">\n\t\t\t\t\t<div class=\"e-con-inner\">\n\t\t\t\t<div class=\"elementor-element elementor-element-094d126 elementor-widget elementor-widget-spacer\" data-id=\"094d126\" data-element_type=\"widget\" data-e-type=\"widget\" data-widget_type=\"spacer.default\">\n\t\t\t\t<div class=\"elementor-widget-container\">\n\t\t\t\t\t\t\t<div class=\"elementor-spacer\">\n\t\t\t<div class=\"elementor-spacer-inner\"><\/div>\n\t\t<\/div>\n\t\t\t\t\t\t<\/div>\n\t\t\t\t<\/div>\n\t\t\t\t\t<\/div>\n\t\t\t\t<\/div>\n\t\t\t\t\t<\/div>\n\t\t\t\t<\/div>\n\t\t\t\t<\/div>\n\t\t<div class=\"elementor-element elementor-element-7d7767b e-flex e-con-boxed e-con e-parent\" data-id=\"7d7767b\" data-element_type=\"container\" data-e-type=\"container\">\n\t\t\t\t\t<div class=\"e-con-inner\">\n\t\t\t\t<div class=\"elementor-element elementor-element-bce3776 elementor-widget elementor-widget-heading\" data-id=\"bce3776\" data-element_type=\"widget\" data-e-type=\"widget\" data-widget_type=\"heading.default\">\n\t\t\t\t<div class=\"elementor-widget-container\">\n\t\t\t\t\t<h2 class=\"elementor-heading-title elementor-size-default\">6. Blues N'Rock @ Lake Moubra<\/h2>\t\t\t\t<\/div>\n\t\t\t\t<\/div>\n\t\t\t\t<div class=\"elementor-element elementor-element-f1527fa elementor-widget elementor-widget-heading\" data-id=\"f1527fa\" data-element_type=\"widget\" data-e-type=\"widget\" data-widget_type=\"heading.default\">\n\t\t\t\t<div class=\"elementor-widget-container\">\n\t\t\t\t\t<h3 class=\"elementor-heading-title elementor-size-default\">Dates : du 09 au 10 ao\u00fbt \n<\/h3>\t\t\t\t<\/div>\n\t\t\t\t<\/div>\n\t\t\t\t<div class=\"elementor-element elementor-element-3083937 elementor-widget elementor-widget-text-editor\" data-id=\"3083937\" data-element_type=\"widget\" data-e-type=\"widget\" data-widget_type=\"text-editor.default\">\n\t\t\t\t<div class=\"elementor-widget-container\">\n\t\t\t\t\t\t\t\t\t<p><span style=\"font-weight: 400;\">C\u2019est un <\/span><b>festival de blues gratuit situ\u00e9 au bord du magnifique lac de la Moubra<\/b><span style=\"font-weight: 400;\"> \u00e0 Crans-Montana. Ce festival propose un programme de blues qui oscille entre jazz et rock.<\/span><\/p><p><span style=\"font-weight: 400;\">Deux soir\u00e9es en acc\u00e8s libre vous attendent, faisant de cet \u00e9v\u00e9nement le rendez-vous incontournable pour tous les amateurs de bonne musique !<\/span><\/p><p><a href=\"https:\/\/blues-lake-moubra.ch\/\" target=\"_blank\" rel=\"noopener noreferrer nofollow\"><span style=\"font-weight: 400;\">En savoir plus<\/span><\/a> <\/p>\t\t\t\t\t\t\t\t<\/div>\n\t\t\t\t<\/div>\n\t\t\t\t<div class=\"elementor-element elementor-element-bcd5e10 elementor-widget elementor-widget-heading\" data-id=\"bcd5e10\" data-element_type=\"widget\" data-e-type=\"widget\" data-widget_type=\"heading.default\">\n\t\t\t\t<div class=\"elementor-widget-container\">\n\t\t\t\t\t<h2 class=\"elementor-heading-title elementor-size-default\">7. Le Tour des Stations<\/h2>\t\t\t\t<\/div>\n\t\t\t\t<\/div>\n\t\t\t\t<div class=\"elementor-element elementor-element-d0cc7a1 elementor-widget elementor-widget-heading\" data-id=\"d0cc7a1\" data-element_type=\"widget\" data-e-type=\"widget\" data-widget_type=\"heading.default\">\n\t\t\t\t<div class=\"elementor-widget-container\">\n\t\t\t\t\t<h3 class=\"elementor-heading-title elementor-size-default\">Dates : Le 31 ao\u00fbt \n<\/h3>\t\t\t\t<\/div>\n\t\t\t\t<\/div>\n\t\t\t\t<div class=\"elementor-element elementor-element-400e431 elementor-widget elementor-widget-text-editor\" data-id=\"400e431\" data-element_type=\"widget\" data-e-type=\"widget\" data-widget_type=\"text-editor.default\">\n\t\t\t\t<div class=\"elementor-widget-container\">\n\t\t\t\t\t\t\t\t\t<p>Le Tour des Stations traverse les paysages enchanteurs du Valais, allant des vignobles aux sommets des montagnes. En chemin, il passe par des p\u00e2turages naturels, des villages authentiques et des stations de renomm\u00e9e internationale. Cet \u00e9v\u00e9nement sportif exceptionnel relie les stations de la r\u00e9gion dans un cadre grandiose. Cette ann\u00e9e, le parcours Ultrafondo inclura Crans-Montana.<\/p>\t\t\t\t\t\t\t\t<\/div>\n\t\t\t\t<\/div>\n\t\t<div class=\"elementor-element elementor-element-f6051ec e-flex e-con-boxed e-con e-child\" data-id=\"f6051ec\" data-element_type=\"container\" data-e-type=\"container\">\n\t\t\t\t\t<div class=\"e-con-inner\">\n\t\t<div class=\"elementor-element elementor-element-ec80193 e-con-full e-flex e-con e-child\" data-id=\"ec80193\" data-element_type=\"container\" data-e-type=\"container\" data-settings=\"{&quot;background_background&quot;:&quot;classic&quot;}\">\n\t\t\t\t<div class=\"elementor-element elementor-element-182c5e0 elementor-widget elementor-widget-spacer\" data-id=\"182c5e0\" data-element_type=\"widget\" data-e-type=\"widget\" data-widget_type=\"spacer.default\">\n\t\t\t\t<div class=\"elementor-widget-container\">\n\t\t\t\t\t\t\t<div class=\"elementor-spacer\">\n\t\t\t<div class=\"elementor-spacer-inner\"><\/div>\n\t\t<\/div>\n\t\t\t\t\t\t<\/div>\n\t\t\t\t<\/div>\n\t\t\t\t<\/div>\n\t\t<div class=\"elementor-element elementor-element-ac57dcb e-con-full e-flex e-con e-child\" data-id=\"ac57dcb\" data-element_type=\"container\" data-e-type=\"container\">\n\t\t\t\t<div class=\"elementor-element elementor-element-ca12fef elementor-widget elementor-widget-heading\" data-id=\"ca12fef\" data-element_type=\"widget\" data-e-type=\"widget\" data-widget_type=\"heading.default\">\n\t\t\t\t<div class=\"elementor-widget-container\">\n\t\t\t\t\t<h2 class=\"elementor-heading-title elementor-size-default\">8. L\u2019Omega European Masters<\/h2>\t\t\t\t<\/div>\n\t\t\t\t<\/div>\n\t\t\t\t<div class=\"elementor-element elementor-element-4120de4 elementor-widget elementor-widget-heading\" data-id=\"4120de4\" data-element_type=\"widget\" data-e-type=\"widget\" data-widget_type=\"heading.default\">\n\t\t\t\t<div class=\"elementor-widget-container\">\n\t\t\t\t\t<h3 class=\"elementor-heading-title elementor-size-default\">Dates : du 5 septembre au 8 septembre \n<\/h3>\t\t\t\t<\/div>\n\t\t\t\t<\/div>\n\t\t\t\t<div class=\"elementor-element elementor-element-38b6196 elementor-widget elementor-widget-text-editor\" data-id=\"38b6196\" data-element_type=\"widget\" data-e-type=\"widget\" data-widget_type=\"text-editor.default\">\n\t\t\t\t<div class=\"elementor-widget-container\">\n\t\t\t\t\t\t\t\t\t<p><span style=\"font-weight: 400;\">C\u2019est l\u2019un des tournois de golf les plus prestigieux d&rsquo;Europe, attirant les meilleurs golfeurs du monde. Se d\u00e9roulant sur le magnifique parcours du Golf Club Crans-sur-Sierre, cet \u00e9v\u00e9nement vous offre des comp\u00e9titions de haut niveau dans une ambiance chic et festive. Ne manquez pas l&rsquo;occasion de voir les stars du golf en action et de profiter des nombreuses animations et stands non loin du parcours.<\/span><\/p><p><a href=\"http:\/\/www.omegaeuropeanmasters.com\" target=\"_blank\" rel=\"noopener noreferrer nofollow\"><span style=\"font-weight: 400;\">En savoir plus<\/span><\/a><span style=\"font-weight: 400;\">\u00a0<\/span><\/p><p><span style=\"font-weight: 400;\">Voir aussi tous les <\/span><a href=\"https:\/\/www.crans-montana.ch\/fr\/?idcmt=Partenaire_news_0c041abda58b5f4b46977211c1ff8686#:~:text=Du%2015%20juin%20au%2020,groupes%20folkloriques%20et%20des%20concerts.\" target=\"_blank\" rel=\"noopener noreferrer nofollow\"><span style=\"font-weight: 400;\">concerts pendant la saison estivale<\/span><\/a><span style=\"font-weight: 400;\">.<\/span><\/p>\t\t\t\t\t\t\t\t<\/div>\n\t\t\t\t<\/div>\n\t\t\t\t<\/div>\n\t\t\t\t\t<\/div>\n\t\t\t\t<\/div>\n\t\t\t\t\t<\/div>\n\t\t\t\t<\/div>\n\t\t\t\t<\/div>\n\t\t","protected":false},"excerpt":{"rendered":"<p>Passez l\u2019\u00e9t\u00e9 2024 avec CosyHome Conciergerie et d\u00e9couvrez les \u00e9v\u00e9nements \u00e0 Crans Montana \u00e0 ne pas manquer <\/p>\n","protected":false},"author":7,"featured_media":8551,"comment_status":"closed","ping_status":"closed","sticky":false,"template":"","format":"standard","meta":{"_monsterinsights_skip_tracking":false,"_monsterinsights_sitenote_active":false,"_monsterinsights_sitenote_note":"","_monsterinsights_sitenote_category":0,"footnotes":""},"categories":[274],"tags":[],"class_list":["post-8375","post","type-post","status-publish","format-standard","has-post-thumbnail","hentry","category-inspiration-sejours-valais"],"_links":{"self":[{"href":"https:\/\/www.cosyhomeconciergerie.ch\/fr\/wp-json\/wp\/v2\/posts\/8375","targetHints":{"allow":["GET"]}}],"collection":[{"href":"https:\/\/www.cosyhomeconciergerie.ch\/fr\/wp-json\/wp\/v2\/posts"}],"about":[{"href":"https:\/\/www.cosyhomeconciergerie.ch\/fr\/wp-json\/wp\/v2\/types\/post"}],"author":[{"embeddable":true,"href":"https:\/\/www.cosyhomeconciergerie.ch\/fr\/wp-json\/wp\/v2\/users\/7"}],"replies":[{"embeddable":true,"href":"https:\/\/www.cosyhomeconciergerie.ch\/fr\/wp-json\/wp\/v2\/comments?post=8375"}],"version-history":[{"count":0,"href":"https:\/\/www.cosyhomeconciergerie.ch\/fr\/wp-json\/wp\/v2\/posts\/8375\/revisions"}],"wp:featuredmedia":[{"embeddable":true,"href":"https:\/\/www.cosyhomeconciergerie.ch\/fr\/wp-json\/wp\/v2\/media\/8551"}],"wp:attachment":[{"href":"https:\/\/www.cosyhomeconciergerie.ch\/fr\/wp-json\/wp\/v2\/media?parent=8375"}],"wp:term":[{"taxonomy":"category","embeddable":true,"href":"https:\/\/www.cosyhomeconciergerie.ch\/fr\/wp-json\/wp\/v2\/categories?post=8375"},{"taxonomy":"post_tag","embeddable":true,"href":"https:\/\/www.cosyhomeconciergerie.ch\/fr\/wp-json\/wp\/v2\/tags?post=8375"}],"curies":[{"name":"wp","href":"https:\/\/api.w.org\/{rel}","templated":true}]}}