{"id":10475,"date":"2025-01-18T16:46:17","date_gmt":"2025-01-18T15:46:17","guid":{"rendered":"https:\/\/www.cosyhomeconciergerie.ch\/?p=10475"},"modified":"2025-01-18T17:44:07","modified_gmt":"2025-01-18T16:44:07","slug":"chef-a-domicile-valais","status":"publish","type":"post","link":"https:\/\/www.cosyhomeconciergerie.ch\/fr\/blog\/chef-a-domicile-valais\/","title":{"rendered":"Demandez votre chef \u00e0 domicile en Valais pour un s\u00e9jour parfait"},"content":{"rendered":"\t\t<div data-elementor-type=\"wp-post\" data-elementor-id=\"10475\" class=\"elementor elementor-10475\" data-elementor-post-type=\"post\">\n\t\t\t\t<div class=\"elementor-element elementor-element-1be4a49 e-flex e-con-boxed e-con e-parent\" data-id=\"1be4a49\" data-element_type=\"container\" data-e-type=\"container\">\n\t\t\t\t\t<div class=\"e-con-inner\">\n\t\t\t\t<div class=\"elementor-element elementor-element-23ef29a elementor-widget elementor-widget-text-editor\" data-id=\"23ef29a\" data-element_type=\"widget\" data-e-type=\"widget\" data-widget_type=\"text-editor.default\">\n\t\t\t\t<div class=\"elementor-widget-container\">\n\t\t\t\t\t\t\t\t\t<p><span style=\"font-weight: 400;\">Faire appel \u00e0 un <\/span><i><span style=\"font-weight: 400;\">chef priv\u00e9<\/span><\/i><span style=\"font-weight: 400;\"> ou \u00e0 un <\/span><i><span style=\"font-weight: 400;\">chef \u00e0 domicile<\/span><\/i><span style=\"font-weight: 400;\"> est une pratique de plus en plus pris\u00e9e en Suisse, notamment dans des r\u00e9gions touristiques et hupp\u00e9es comme Crans-Montana, Verbier ou d\u2019autres stations du Valais. Que ce soit pour un d\u00eener entre amis, un \u00e9v\u00e9nement d\u2019entreprise ou un repas familial d\u2019exception, l\u2019id\u00e9e de<\/span><b> recevoir chez soi sans avoir \u00e0 se soucier de la pr\u00e9paration ou du service<\/b><span style=\"font-weight: 400;\"> s\u00e9duit de plus en plus de vacanciers. CosyHome Conciergerie vous accompagne dans cette d\u00e9marche en toute s\u00e9r\u00e9nit\u00e9, quelle que soit votre destination en Valais.\u00a0<\/span><\/p>\t\t\t\t\t\t\t\t<\/div>\n\t\t\t\t<\/div>\n\t\t<div class=\"elementor-element elementor-element-cb6a582 e-con-full e-flex e-con e-child\" data-id=\"cb6a582\" data-element_type=\"container\" data-e-type=\"container\">\n\t\t<div class=\"elementor-element elementor-element-cddb295 e-con-full e-flex e-con e-child\" data-id=\"cddb295\" data-element_type=\"container\" data-e-type=\"container\">\n\t\t\t\t<div class=\"elementor-element elementor-element-205a13a elementor-widget elementor-widget-heading\" data-id=\"205a13a\" data-element_type=\"widget\" data-e-type=\"widget\" data-widget_type=\"heading.default\">\n\t\t\t\t<div class=\"elementor-widget-container\">\n\t\t\t\t\t<h2 class=\"elementor-heading-title elementor-size-default\">7 Bonnes Raisons de s'offrir un Chef \u00e0 Domicile pendant vos Vacances<\/h2>\t\t\t\t<\/div>\n\t\t\t\t<\/div>\n\t\t\t\t<div class=\"elementor-element elementor-element-7bf9f4f elementor-widget elementor-widget-text-editor\" data-id=\"7bf9f4f\" data-element_type=\"widget\" data-e-type=\"widget\" data-widget_type=\"text-editor.default\">\n\t\t\t\t<div class=\"elementor-widget-container\">\n\t\t\t\t\t\t\t\t\t<div id=\"ag-1731581207631\"><span style=\"font-weight: 400;\">Que ce soit pour une soir\u00e9e dans un sublime chalet pour une occasion particuli\u00e8re, une semaine de vacances ou ponctuellement \u00e0 l\u2019ann\u00e9e, <\/span><b>faire appel \u00e0 un chef priv\u00e9<\/b><span style=\"font-weight: 400;\"> pr\u00e9sente de nombreux avantages.<\/span><\/div>\t\t\t\t\t\t\t\t<\/div>\n\t\t\t\t<\/div>\n\t\t\t\t<\/div>\n\t\t\t\t<\/div>\n\t\t<div class=\"elementor-element elementor-element-5d09d0c e-flex e-con-boxed e-con e-child\" data-id=\"5d09d0c\" data-element_type=\"container\" data-e-type=\"container\">\n\t\t\t\t\t<div class=\"e-con-inner\">\n\t\t<div class=\"elementor-element elementor-element-a82645a e-con-full e-flex e-con e-child\" data-id=\"a82645a\" data-element_type=\"container\" data-e-type=\"container\">\n\t\t\t\t<div class=\"elementor-element elementor-element-01fb9be elementor-widget elementor-widget-heading\" data-id=\"01fb9be\" data-element_type=\"widget\" data-e-type=\"widget\" data-widget_type=\"heading.default\">\n\t\t\t\t<div class=\"elementor-widget-container\">\n\t\t\t\t\t<h3 class=\"elementor-heading-title elementor-size-default\">1. Un gain de temps et d\u2019\u00e9nergie inestimable<\/h3>\t\t\t\t<\/div>\n\t\t\t\t<\/div>\n\t\t\t\t<div class=\"elementor-element elementor-element-69f2e3c elementor-widget elementor-widget-text-editor\" data-id=\"69f2e3c\" data-element_type=\"widget\" data-e-type=\"widget\" data-widget_type=\"text-editor.default\">\n\t\t\t\t<div class=\"elementor-widget-container\">\n\t\t\t\t\t\t\t\t\t<div id=\"ag-1727441032350\"><p><b>Engager un chef \u00e0 domicile<\/b><span style=\"font-weight: 400;\"> vous lib\u00e8re des t\u00e2ches chronophages comme les courses, la pr\u00e9paration et la vaisselle. Vous profitez pleinement de chaque instant de vos vacances, que ce soit pour vous reposer, visiter les alentours ou partager des activit\u00e9s avec vos proches.<\/span><\/p><\/div>\t\t\t\t\t\t\t\t<\/div>\n\t\t\t\t<\/div>\n\t\t\t\t<div class=\"elementor-element elementor-element-0f844cd elementor-widget elementor-widget-heading\" data-id=\"0f844cd\" data-element_type=\"widget\" data-e-type=\"widget\" data-widget_type=\"heading.default\">\n\t\t\t\t<div class=\"elementor-widget-container\">\n\t\t\t\t\t<h3 class=\"elementor-heading-title elementor-size-default\">2. Une exp\u00e9rience culinaire sur mesure<\/h3>\t\t\t\t<\/div>\n\t\t\t\t<\/div>\n\t\t\t\t<div class=\"elementor-element elementor-element-b5dfbe1 elementor-widget elementor-widget-text-editor\" data-id=\"b5dfbe1\" data-element_type=\"widget\" data-e-type=\"widget\" data-widget_type=\"text-editor.default\">\n\t\t\t\t<div class=\"elementor-widget-container\">\n\t\t\t\t\t\t\t\t\t<div id=\"ag-1727441032350\"><p><span style=\"font-weight: 400;\">Un <\/span><b>chef \u00e0 domicile adapte son menu \u00e0 vos go\u00fbts<\/b><span style=\"font-weight: 400;\">, \u00e0 vos restrictions alimentaires et \u00e0 vos pr\u00e9f\u00e9rences en mati\u00e8re de cuisine. Vous avez ainsi la libert\u00e9 de d\u00e9guster des plats personnalis\u00e9s, pens\u00e9s rien que pour vous, dans l\u2019intimit\u00e9 de votre lieu de s\u00e9jour.<\/span><\/p><\/div>\t\t\t\t\t\t\t\t<\/div>\n\t\t\t\t<\/div>\n\t\t\t\t<div class=\"elementor-element elementor-element-86338ca elementor-widget elementor-widget-heading\" data-id=\"86338ca\" data-element_type=\"widget\" data-e-type=\"widget\" data-widget_type=\"heading.default\">\n\t\t\t\t<div class=\"elementor-widget-container\">\n\t\t\t\t\t<h3 class=\"elementor-heading-title elementor-size-default\">3. L\u2019occasion de d\u00e9couvrir la gastronomie locale\n<\/h3>\t\t\t\t<\/div>\n\t\t\t\t<\/div>\n\t\t\t\t<div class=\"elementor-element elementor-element-2223045 elementor-widget elementor-widget-text-editor\" data-id=\"2223045\" data-element_type=\"widget\" data-e-type=\"widget\" data-widget_type=\"text-editor.default\">\n\t\t\t\t<div class=\"elementor-widget-container\">\n\t\t\t\t\t\t\t\t\t<p><span style=\"font-weight: 400;\">Le Valais regorge de produits r\u00e9gionaux d\u2019exception : fromages, charcuteries, vins, fruits et l\u00e9gumes de saison. En faisant appel \u00e0 <\/span><b>un chef local<\/b><span style=\"font-weight: 400;\">, vous avez la garantie de savourer des sp\u00e9cialit\u00e9s valaisannes authentiques, cuisin\u00e9es avec passion et savoir-faire.<\/span><\/p>\t\t\t\t\t\t\t\t<\/div>\n\t\t\t\t<\/div>\n\t\t\t\t<\/div>\n\t\t<div class=\"elementor-element elementor-element-1b0b2ca e-con-full e-flex e-con e-child\" data-id=\"1b0b2ca\" data-element_type=\"container\" data-e-type=\"container\">\n\t\t\t\t<div class=\"elementor-element elementor-element-c2815d6 elementor-widget elementor-widget-image\" data-id=\"c2815d6\" data-element_type=\"widget\" data-e-type=\"widget\" data-widget_type=\"image.default\">\n\t\t\t\t<div class=\"elementor-widget-container\">\n\t\t\t\t\t\t\t\t\t\t\t\t\t\t\t<img fetchpriority=\"high\" decoding=\"async\" width=\"800\" height=\"800\" src=\"https:\/\/www.cosyhomeconciergerie.ch\/wp-content\/uploads\/2025\/01\/mawmfm-hcqq-1024x1024.jpg\" class=\"attachment-large size-large wp-image-10485\" alt=\"a plate of food\" srcset=\"https:\/\/www.cosyhomeconciergerie.ch\/wp-content\/uploads\/2025\/01\/mawmfm-hcqq-1024x1024.jpg 1024w, https:\/\/www.cosyhomeconciergerie.ch\/wp-content\/uploads\/2025\/01\/mawmfm-hcqq-300x300.jpg 300w, https:\/\/www.cosyhomeconciergerie.ch\/wp-content\/uploads\/2025\/01\/mawmfm-hcqq-150x150.jpg 150w, https:\/\/www.cosyhomeconciergerie.ch\/wp-content\/uploads\/2025\/01\/mawmfm-hcqq-768x768.jpg 768w, https:\/\/www.cosyhomeconciergerie.ch\/wp-content\/uploads\/2025\/01\/mawmfm-hcqq-12x12.webp 12w, https:\/\/www.cosyhomeconciergerie.ch\/wp-content\/uploads\/2025\/01\/mawmfm-hcqq.jpg 1200w\" sizes=\"(max-width: 800px) 100vw, 800px\" \/>\t\t\t\t\t\t\t\t\t\t\t\t\t\t\t<\/div>\n\t\t\t\t<\/div>\n\t\t\t\t<\/div>\n\t\t\t\t\t<\/div>\n\t\t\t\t<\/div>\n\t\t<div class=\"elementor-element elementor-element-e9ce393 e-con-full e-flex e-con e-child\" data-id=\"e9ce393\" data-element_type=\"container\" data-e-type=\"container\">\n\t\t<div class=\"elementor-element elementor-element-c62f860 e-con-full e-flex e-con e-child\" data-id=\"c62f860\" data-element_type=\"container\" data-e-type=\"container\">\n\t\t\t\t<div class=\"elementor-element elementor-element-175b907 elementor-widget elementor-widget-heading\" data-id=\"175b907\" data-element_type=\"widget\" data-e-type=\"widget\" data-widget_type=\"heading.default\">\n\t\t\t\t<div class=\"elementor-widget-container\">\n\t\t\t\t\t<h3 class=\"elementor-heading-title elementor-size-default\">4. L\u2019alliance du confort et de la convivialit\u00e9\n<\/h3>\t\t\t\t<\/div>\n\t\t\t\t<\/div>\n\t\t\t\t<div class=\"elementor-element elementor-element-444f7d2 elementor-widget elementor-widget-text-editor\" data-id=\"444f7d2\" data-element_type=\"widget\" data-e-type=\"widget\" data-widget_type=\"text-editor.default\">\n\t\t\t\t<div class=\"elementor-widget-container\">\n\t\t\t\t\t\t\t\t\t<div id=\"ag-1727441032350\"><p><span style=\"font-weight: 400;\">Rien de tel qu\u2019un repas partag\u00e9 dans son chalet ou sa r\u00e9sidence de vacances pour cr\u00e9er une atmosph\u00e8re chaleureuse et d\u00e9tendue. \u00c9vitez ainsi l\u2019affluence des restaurants en haute saison et<\/span><b> profitez d\u2019un service personnalis\u00e9<\/b><span style=\"font-weight: 400;\">, au plus pr\u00e8s de vos envies.<\/span><\/p><\/div>\t\t\t\t\t\t\t\t<\/div>\n\t\t\t\t<\/div>\n\t\t\t\t<div class=\"elementor-element elementor-element-5d33201 elementor-widget elementor-widget-heading\" data-id=\"5d33201\" data-element_type=\"widget\" data-e-type=\"widget\" data-widget_type=\"heading.default\">\n\t\t\t\t<div class=\"elementor-widget-container\">\n\t\t\t\t\t<h3 class=\"elementor-heading-title elementor-size-default\">5. L\u2019assurance d\u2019une qualit\u00e9 irr\u00e9prochable<\/h3>\t\t\t\t<\/div>\n\t\t\t\t<\/div>\n\t\t\t\t<div class=\"elementor-element elementor-element-a034f57 elementor-widget elementor-widget-text-editor\" data-id=\"a034f57\" data-element_type=\"widget\" data-e-type=\"widget\" data-widget_type=\"text-editor.default\">\n\t\t\t\t<div class=\"elementor-widget-container\">\n\t\t\t\t\t\t\t\t\t<div id=\"ag-1727441032350\"><p><span style=\"font-weight: 400;\">Les <\/span><b>chefs \u00e0 domicile professionnels<\/b><span style=\"font-weight: 400;\"> respectent les normes d\u2019hygi\u00e8ne et de s\u00e9curit\u00e9 alimentaire. Vous pouvez donc savourer chaque plat en toute s\u00e9r\u00e9nit\u00e9, en ayant la certitude de la fra\u00eecheur et de la qualit\u00e9 des ingr\u00e9dients lors de la pr\u00e9paration.<\/span><\/p><\/div>\t\t\t\t\t\t\t\t<\/div>\n\t\t\t\t<\/div>\n\t\t\t\t<div class=\"elementor-element elementor-element-f09e041 elementor-widget elementor-widget-heading\" data-id=\"f09e041\" data-element_type=\"widget\" data-e-type=\"widget\" data-widget_type=\"heading.default\">\n\t\t\t\t<div class=\"elementor-widget-container\">\n\t\t\t\t\t<h3 class=\"elementor-heading-title elementor-size-default\">6. Le luxe d\u2019un moment pour soi<\/h3>\t\t\t\t<\/div>\n\t\t\t\t<\/div>\n\t\t\t\t<div class=\"elementor-element elementor-element-15b3528 elementor-widget elementor-widget-text-editor\" data-id=\"15b3528\" data-element_type=\"widget\" data-e-type=\"widget\" data-widget_type=\"text-editor.default\">\n\t\t\t\t<div class=\"elementor-widget-container\">\n\t\t\t\t\t\t\t\t\t<p><span style=\"font-weight: 400;\">Concentrez-vous sur l\u2019essentiel : la d\u00e9couverte des paysages valaisans, les activit\u00e9s et les moments de partage avec vos proches. Le chef s\u2019occupe de tout, <\/span><b>du choix des produits locaux \u00e0 la pr\u00e9paration du repas<\/b><span style=\"font-weight: 400;\">, sans oublier le rangement et le nettoyage de la cuisine.<\/span><\/p>\t\t\t\t\t\t\t\t<\/div>\n\t\t\t\t<\/div>\n\t\t\t\t<div class=\"elementor-element elementor-element-b9556ab elementor-widget elementor-widget-heading\" data-id=\"b9556ab\" data-element_type=\"widget\" data-e-type=\"widget\" data-widget_type=\"heading.default\">\n\t\t\t\t<div class=\"elementor-widget-container\">\n\t\t\t\t\t<h3 class=\"elementor-heading-title elementor-size-default\">7. Une fa\u00e7on de se d\u00e9marquer en tant qu\u2019h\u00f4te Airbnb<\/h3>\t\t\t\t<\/div>\n\t\t\t\t<\/div>\n\t\t\t\t<div class=\"elementor-element elementor-element-5cef5de elementor-widget elementor-widget-text-editor\" data-id=\"5cef5de\" data-element_type=\"widget\" data-e-type=\"widget\" data-widget_type=\"text-editor.default\">\n\t\t\t\t<div class=\"elementor-widget-container\">\n\t\t\t\t\t\t\t\t\t<div id=\"ag-1727441032350\"><p><span style=\"font-weight: 400;\">En ajoutant un service de chef \u00e0 domicile \u00e0 votre <\/span><a href=\"https:\/\/www.cosyhomeconciergerie.ch\/fr\/gestion-locative\/\"><span style=\"font-weight: 400;\">location de vacances<\/span><\/a><span style=\"font-weight: 400;\"> \u00e0 <\/span><a href=\"https:\/\/www.cosyhomeconciergerie.ch\/fr\/destinations\/crans-montana\/\"><span style=\"font-weight: 400;\">Crans Montana<\/span><\/a><span style=\"font-weight: 400;\"> ou <\/span><a href=\"https:\/\/www.cosyhomeconciergerie.ch\/fr\/destinations\/verbier\/\"><span style=\"font-weight: 400;\">Verbier<\/span><\/a><span style=\"font-weight: 400;\">, vous offrez une prestation haut de gamme qui peut faire la diff\u00e9rence avec d\u2019autres propri\u00e9taires. Que vous soyez un h\u00f4te Airbnb souhaitant s\u00e9duire davantage de visiteurs ou vacanciers en qu\u00eate de confort, c\u2019est un v\u00e9ritable plus pour un s\u00e9jour inoubliable.<\/span><\/p><\/div>\t\t\t\t\t\t\t\t<\/div>\n\t\t\t\t<\/div>\n\t\t\t\t<\/div>\n\t\t<div class=\"elementor-element elementor-element-36c4ec3 e-con-full e-flex e-con e-child\" data-id=\"36c4ec3\" data-element_type=\"container\" data-e-type=\"container\">\n\t\t\t\t<div class=\"elementor-element elementor-element-a6c03d5 elementor-widget elementor-widget-image\" data-id=\"a6c03d5\" data-element_type=\"widget\" data-e-type=\"widget\" data-widget_type=\"image.default\">\n\t\t\t\t<div class=\"elementor-widget-container\">\n\t\t\t\t\t\t\t\t\t\t\t\t\t\t\t<img decoding=\"async\" width=\"576\" height=\"1024\" src=\"https:\/\/www.cosyhomeconciergerie.ch\/wp-content\/uploads\/2025\/01\/au475meajiw-576x1024.jpg\" class=\"attachment-large size-large wp-image-10482\" alt=\"gold goblet\" srcset=\"https:\/\/www.cosyhomeconciergerie.ch\/wp-content\/uploads\/2025\/01\/au475meajiw-576x1024.jpg 576w, https:\/\/www.cosyhomeconciergerie.ch\/wp-content\/uploads\/2025\/01\/au475meajiw-169x300.jpg 169w, https:\/\/www.cosyhomeconciergerie.ch\/wp-content\/uploads\/2025\/01\/au475meajiw-7x12.webp 7w, https:\/\/www.cosyhomeconciergerie.ch\/wp-content\/uploads\/2025\/01\/au475meajiw.jpg 675w\" sizes=\"(max-width: 576px) 100vw, 576px\" \/>\t\t\t\t\t\t\t\t\t\t\t\t\t\t\t<\/div>\n\t\t\t\t<\/div>\n\t\t\t\t<\/div>\n\t\t\t\t<\/div>\n\t\t<div class=\"elementor-element elementor-element-b3a1648 e-con-full e-flex e-con e-child\" data-id=\"b3a1648\" data-element_type=\"container\" data-e-type=\"container\">\n\t\t<div class=\"elementor-element elementor-element-3f4066b e-con-full e-flex e-con e-child\" data-id=\"3f4066b\" data-element_type=\"container\" data-e-type=\"container\">\n\t\t\t\t<div class=\"elementor-element elementor-element-78796b7 elementor-widget elementor-widget-heading\" data-id=\"78796b7\" data-element_type=\"widget\" data-e-type=\"widget\" data-widget_type=\"heading.default\">\n\t\t\t\t<div class=\"elementor-widget-container\">\n\t\t\t\t\t<h2 class=\"elementor-heading-title elementor-size-default\">Faire appel \u00e0 un Chef \u00e0 Domicile en Valais, ce qu\u2019il faut savoir<\/h2>\t\t\t\t<\/div>\n\t\t\t\t<\/div>\n\t\t\t\t<div class=\"elementor-element elementor-element-7a8acea elementor-widget elementor-widget-heading\" data-id=\"7a8acea\" data-element_type=\"widget\" data-e-type=\"widget\" data-widget_type=\"heading.default\">\n\t\t\t\t<div class=\"elementor-widget-container\">\n\t\t\t\t\t<h3 class=\"elementor-heading-title elementor-size-default\">Une r\u00e9glementation stricte en Suisse<\/h3>\t\t\t\t<\/div>\n\t\t\t\t<\/div>\n\t\t\t\t<div class=\"elementor-element elementor-element-89d1c80 elementor-widget elementor-widget-text-editor\" data-id=\"89d1c80\" data-element_type=\"widget\" data-e-type=\"widget\" data-widget_type=\"text-editor.default\">\n\t\t\t\t<div class=\"elementor-widget-container\">\n\t\t\t\t\t\t\t\t\t<div id=\"ag-1731581207631\"><p><span style=\"font-weight: 400;\">Si vous souhaitez engager un chef \u00e0 domicile en Valais<\/span><i><span style=\"font-weight: 400;\">, <\/span><\/i><span style=\"font-weight: 400;\">il faut savoir que cette pratique ne se r\u00e9sume pas uniquement \u00e0 la qualit\u00e9 des plats propos\u00e9s. En effet, derri\u00e8re les saveurs exquises et la convivialit\u00e9 d\u2019un repas pr\u00e9par\u00e9 \u00e0 la maison, il y a une r\u00e9glementation stricte \u00e0 respecter. Dans le canton du <\/span><a href=\"https:\/\/www.vs.ch\/\" target=\"_blank\" rel=\"noopener noreferrer nofollow\"><span style=\"font-weight: 400;\">Valais<\/span><\/a><span style=\"font-weight: 400;\">, la profession de cuisinier \u00e0 domicile, de chef priv\u00e9 ou plus largement d\u2019acteur du secteur de la restauration est soumise \u00e0 une autorisation l\u00e9gale. L\u2019aspect l\u00e9gal et les obligations administratives, telles que la <\/span><i><span style=\"font-weight: 400;\">Patente restauration Valais<\/span><\/i><span style=\"font-weight: 400;\"> (aujourd\u2019hui r\u00e9gie par la <\/span><a href=\"https:\/\/www.lhr-gbb.ch\/fr\/\" target=\"_blank\" rel=\"noopener noreferrer nofollow\"><b>LHR<\/b><\/a><span style=\"font-weight: 400;\">). Cette loi vise \u00e0 encadrer les activit\u00e9s de restauration, qu\u2019elles se d\u00e9roulent dans un restaurant traditionnel ou dans l\u2019espace priv\u00e9 d\u2019un particulier.<\/span><\/p><p><span style=\"font-weight: 400;\">L\u2019obtention de la LHR n\u2019est pas une simple formalit\u00e9\u2009: elle s\u2019accompagne d\u2019exigences claires en mati\u00e8re d\u2019hygi\u00e8ne, de comp\u00e9tences professionnelles, de gestion des stocks et de respect de la l\u00e9gislation sur la vente d\u2019alcool. En faisant appel \u00e0 un chef qui d\u00e9tient cette autorisation, vous vous assurez que votre prestataire ma\u00eetrise non seulement les techniques culinaires, mais aussi l\u2019ensemble des r\u00e8gles indispensables \u00e0 la s\u00e9curit\u00e9 alimentaire. C\u2019est un gage de professionnalisme, de tra\u00e7abilit\u00e9 et de qualit\u00e9.<\/span><\/p><\/div>\t\t\t\t\t\t\t\t<\/div>\n\t\t\t\t<\/div>\n\t\t\t\t<\/div>\n\t\t\t\t<\/div>\n\t\t<div class=\"elementor-element elementor-element-0049796 e-con-full e-flex e-con e-child\" data-id=\"0049796\" data-element_type=\"container\" data-e-type=\"container\">\n\t\t<div class=\"elementor-element elementor-element-c53eb09 e-con-full e-flex e-con e-child\" data-id=\"c53eb09\" data-element_type=\"container\" data-e-type=\"container\">\n\t\t\t\t<div class=\"elementor-element elementor-element-2395294 elementor-widget elementor-widget-heading\" data-id=\"2395294\" data-element_type=\"widget\" data-e-type=\"widget\" data-widget_type=\"heading.default\">\n\t\t\t\t<div class=\"elementor-widget-container\">\n\t\t\t\t\t<h3 class=\"elementor-heading-title elementor-size-default\">Les risques de non-respect en cas de travail au noir<\/h3>\t\t\t\t<\/div>\n\t\t\t\t<\/div>\n\t\t\t\t<div class=\"elementor-element elementor-element-ef587aa elementor-widget elementor-widget-text-editor\" data-id=\"ef587aa\" data-element_type=\"widget\" data-e-type=\"widget\" data-widget_type=\"text-editor.default\">\n\t\t\t\t<div class=\"elementor-widget-container\">\n\t\t\t\t\t\t\t\t\t<p><span style=\"font-weight: 400;\">Recourir \u00e0 un chef qui n\u2019a pas de patente ou \u00e0 un prestataire qui exerce sans respecter les obligations l\u00e9gales peut sembler plus avantageux \u00e0 premi\u00e8re vue, mais peuvent avoir plusieurs cons\u00e9quences pour les parties concern\u00e9es.<\/span><\/p><p><b>1. Quelle est la responsabilit\u00e9 l\u00e9gale\u202f?<\/b><span style=\"font-weight: 400;\"> En cas de contr\u00f4le des autorit\u00e9s, l\u2019h\u00f4te qui emploie une personne non d\u00e9clar\u00e9e risque de lourdes sanctions administratives et financi\u00e8res.<\/span><\/p><p><b>2. Le manque de couverture sociale :<\/b><span style=\"font-weight: 400;\"> Le travailleur ill\u00e9gal ne paie pas de charges sociales, ne cotise pas aux assurances en cas d\u2019accident ou de maladie, ce qui peut entra\u00eener des frais cons\u00e9quents et des litiges.<\/span><\/p><p><b>3. Une qualit\u00e9 de service non garantie :<\/b><span style=\"font-weight: 400;\"> Sans patente, aucun engagement n\u2019est pris quant au respect des normes d\u2019hygi\u00e8ne ou de s\u00e9curit\u00e9 alimentaire. Le client ne b\u00e9n\u00e9ficie d\u2019aucune garantie en cas d\u2019intoxication ou de probl\u00e8me de sant\u00e9.<\/span><\/p>\t\t\t\t\t\t\t\t<\/div>\n\t\t\t\t<\/div>\n\t\t\t\t<\/div>\n\t\t<div class=\"elementor-element elementor-element-5381778 e-flex e-con-boxed e-con e-child\" data-id=\"5381778\" data-element_type=\"container\" data-e-type=\"container\">\n\t\t\t\t\t<div class=\"e-con-inner\">\n\t\t\t\t<div class=\"elementor-element elementor-element-cb49bae elementor-widget elementor-widget-image\" data-id=\"cb49bae\" data-element_type=\"widget\" data-e-type=\"widget\" data-widget_type=\"image.default\">\n\t\t\t\t<div class=\"elementor-widget-container\">\n\t\t\t\t\t\t\t\t\t\t\t\t\t\t\t<img decoding=\"async\" width=\"683\" height=\"1024\" src=\"https:\/\/www.cosyhomeconciergerie.ch\/wp-content\/uploads\/2025\/01\/2ovx_pfxbiw-683x1024.jpg\" class=\"attachment-large size-large wp-image-10483\" alt=\"woman in black and white floral shirt holding white ceramic mug\" srcset=\"https:\/\/www.cosyhomeconciergerie.ch\/wp-content\/uploads\/2025\/01\/2ovx_pfxbiw-683x1024.jpg 683w, https:\/\/www.cosyhomeconciergerie.ch\/wp-content\/uploads\/2025\/01\/2ovx_pfxbiw-200x300.jpg 200w, https:\/\/www.cosyhomeconciergerie.ch\/wp-content\/uploads\/2025\/01\/2ovx_pfxbiw-768x1152.jpg 768w, https:\/\/www.cosyhomeconciergerie.ch\/wp-content\/uploads\/2025\/01\/2ovx_pfxbiw-8x12.webp 8w, https:\/\/www.cosyhomeconciergerie.ch\/wp-content\/uploads\/2025\/01\/2ovx_pfxbiw.jpg 800w\" sizes=\"(max-width: 683px) 100vw, 683px\" \/>\t\t\t\t\t\t\t\t\t\t\t\t\t\t\t<\/div>\n\t\t\t\t<\/div>\n\t\t\t\t\t<\/div>\n\t\t\t\t<\/div>\n\t\t\t\t<\/div>\n\t\t<div class=\"elementor-element elementor-element-932bbe1 e-con-full e-flex e-con e-child\" data-id=\"932bbe1\" data-element_type=\"container\" data-e-type=\"container\">\n\t\t\t\t<div class=\"elementor-element elementor-element-9e56f19 elementor-widget elementor-widget-text-editor\" data-id=\"9e56f19\" data-element_type=\"widget\" data-e-type=\"widget\" data-widget_type=\"text-editor.default\">\n\t\t\t\t<div class=\"elementor-widget-container\">\n\t\t\t\t\t\t\t\t\t<p><span style=\"font-weight: 400;\">Ainsi, en choisissant un chef non qualifi\u00e9 ou non couvert par la l\u00e9gislation, vous mettez donc en p\u00e9ril la r\u00e9ussite de votre \u00e9v\u00e9nement, mais aussi votre tranquillit\u00e9 d\u2019esprit et votre s\u00e9curit\u00e9 juridique.<\/span><\/p><p><span style=\"font-weight: 400;\">Chez CosyHome Conciergerie, nous mettons un point d\u2019honneur \u00e0 proposer des <\/span><b><i>services de placement de personnel premium en Suisse<\/i><\/b><span style=\"font-weight: 400;\">, tout en respectant rigoureusement la l\u00e9gislation en vigueur. Notre expertise s\u2019\u00e9tend non seulement au <\/span><i><span style=\"font-weight: 400;\">chef priv\u00e9<\/span><\/i><span style=\"font-weight: 400;\">, mais aussi aux <\/span><i><span style=\"font-weight: 400;\">serveurs professionnels Valais<\/span><\/i><span style=\"font-weight: 400;\"> et \u00e0 l\u2019ensemble du personnel n\u00e9cessaire pour assurer une prestation culinaire \u00e0 domicile irr\u00e9prochable.\u00a0<\/span><\/p>\t\t\t\t\t\t\t\t<\/div>\n\t\t\t\t<\/div>\n\t\t\t\t<\/div>\n\t\t<div class=\"elementor-element elementor-element-4aec616 e-con-full e-flex e-con e-child\" data-id=\"4aec616\" data-element_type=\"container\" data-e-type=\"container\">\n\t\t<div class=\"elementor-element elementor-element-307e790 e-con-full e-flex e-con e-child\" data-id=\"307e790\" data-element_type=\"container\" data-e-type=\"container\">\n\t\t\t\t<div class=\"elementor-element elementor-element-986619e elementor-widget elementor-widget-heading\" data-id=\"986619e\" data-element_type=\"widget\" data-e-type=\"widget\" data-widget_type=\"heading.default\">\n\t\t\t\t<div class=\"elementor-widget-container\">\n\t\t\t\t\t<h2 class=\"elementor-heading-title elementor-size-default\">Nos Prestations Haut de Gamme chez CosyHome Conciergerie<\/h2>\t\t\t\t<\/div>\n\t\t\t\t<\/div>\n\t\t\t\t<div class=\"elementor-element elementor-element-791b13a elementor-widget elementor-widget-text-editor\" data-id=\"791b13a\" data-element_type=\"widget\" data-e-type=\"widget\" data-widget_type=\"text-editor.default\">\n\t\t\t\t<div class=\"elementor-widget-container\">\n\t\t\t\t\t\t\t\t\t<div id=\"ag-1731581788160\"><p><span style=\"font-weight: 400;\">Au-del\u00e0 des obligations l\u00e9gales, faire appel \u00e0 CosyHome Conciergerie vous assure une exp\u00e9rience gastronomique unique, r\u00e9alis\u00e9e par des professionnels qualifi\u00e9s et scrupuleusement s\u00e9lectionn\u00e9s. Nous avons \u00e0 c\u0153ur de respecter toutes les exigences l\u00e9gales, y compris la <\/span><i><span style=\"font-weight: 400;\">LHR<\/span><\/i><span style=\"font-weight: 400;\">, pour vous proposer un service cl\u00e9 en main :<\/span><\/p><\/div>\t\t\t\t\t\t\t\t<\/div>\n\t\t\t\t<\/div>\n\t\t\t\t<div class=\"elementor-element elementor-element-2bf0810 elementor-widget elementor-widget-heading\" data-id=\"2bf0810\" data-element_type=\"widget\" data-e-type=\"widget\" data-widget_type=\"heading.default\">\n\t\t\t\t<div class=\"elementor-widget-container\">\n\t\t\t\t\t<h3 class=\"elementor-heading-title elementor-size-default\">Mise en contact de chefs et serveurs professionnels Valais certifi\u00e9s<\/h3>\t\t\t\t<\/div>\n\t\t\t\t<\/div>\n\t\t\t\t<div class=\"elementor-element elementor-element-a245144 elementor-widget elementor-widget-text-editor\" data-id=\"a245144\" data-element_type=\"widget\" data-e-type=\"widget\" data-widget_type=\"text-editor.default\">\n\t\t\t\t<div class=\"elementor-widget-container\">\n\t\t\t\t\t\t\t\t\t<div id=\"ag-1731581788160\"><p><span style=\"font-weight: 400;\">Nous ne travaillons qu\u2019avec des cuisiniers et des serveurs ayant les comp\u00e9tences et les autorisations requises. Chaque membre de notre r\u00e9seau poss\u00e8de une solide exp\u00e9rience, qu\u2019il s\u2019agisse de grands restaurants, de traiteurs de prestige ou de services \u00e0 domicile.<\/span><\/p><\/div>\t\t\t\t\t\t\t\t<\/div>\n\t\t\t\t<\/div>\n\t\t\t\t<div class=\"elementor-element elementor-element-44d1ccf elementor-widget elementor-widget-heading\" data-id=\"44d1ccf\" data-element_type=\"widget\" data-e-type=\"widget\" data-widget_type=\"heading.default\">\n\t\t\t\t<div class=\"elementor-widget-container\">\n\t\t\t\t\t<h3 class=\"elementor-heading-title elementor-size-default\">Une gestion administrative compl\u00e8te<\/h3>\t\t\t\t<\/div>\n\t\t\t\t<\/div>\n\t\t\t\t<div class=\"elementor-element elementor-element-74097ba elementor-widget elementor-widget-text-editor\" data-id=\"74097ba\" data-element_type=\"widget\" data-e-type=\"widget\" data-widget_type=\"text-editor.default\">\n\t\t\t\t<div class=\"elementor-widget-container\">\n\t\t\t\t\t\t\t\t\t<div id=\"ag-1731581788160\"><p><span style=\"font-weight: 400;\">Nous prenons int\u00e9gralement en charge les d\u00e9marches administratives li\u00e9es au placement de personnel en Suisse. Cela inclut la v\u00e9rification des permis de travail, le paiement des charges sociales et le respect des obligations l\u00e9gales. En ce qui concerne les<\/span><b> tarifs d\u2019un chef domicile<\/b><span style=\"font-weight: 400;\">, cela d\u00e9pendra du type de service demand\u00e9 et du menu choisi. Par ailleurs, il faudra aussi d\u00e9terminer le nombre d\u2019heures pour vous \u00e9tablir un devis pr\u00e9cis.\u00a0<\/span><\/p><\/div>\t\t\t\t\t\t\t\t<\/div>\n\t\t\t\t<\/div>\n\t\t\t\t<div class=\"elementor-element elementor-element-9138c14 elementor-widget elementor-widget-heading\" data-id=\"9138c14\" data-element_type=\"widget\" data-e-type=\"widget\" data-widget_type=\"heading.default\">\n\t\t\t\t<div class=\"elementor-widget-container\">\n\t\t\t\t\t<h3 class=\"elementor-heading-title elementor-size-default\">Un accompagnement personnalis\u00e9<\/h3>\t\t\t\t<\/div>\n\t\t\t\t<\/div>\n\t\t\t\t<div class=\"elementor-element elementor-element-af35454 elementor-widget elementor-widget-text-editor\" data-id=\"af35454\" data-element_type=\"widget\" data-e-type=\"widget\" data-widget_type=\"text-editor.default\">\n\t\t\t\t<div class=\"elementor-widget-container\">\n\t\t\t\t\t\t\t\t\t<div id=\"ag-1731581788160\"><p><span style=\"font-weight: 400;\">Notre \u00e9quipe vous accompagne avant, pendant et apr\u00e8s l\u2019\u00e9v\u00e9nement. Avec le chef, nous restons \u00e0 votre \u00e9coute pour ajuster le menu, organiser le d\u00e9roulement du repas et superviser l\u2019ensemble de la prestation afin qu\u2019elle se d\u00e9roule dans les meilleures conditions.\u00a0<\/span><\/p><\/div>\t\t\t\t\t\t\t\t<\/div>\n\t\t\t\t<\/div>\n\t\t\t\t<div class=\"elementor-element elementor-element-1171ae8 elementor-widget elementor-widget-heading\" data-id=\"1171ae8\" data-element_type=\"widget\" data-e-type=\"widget\" data-widget_type=\"heading.default\">\n\t\t\t\t<div class=\"elementor-widget-container\">\n\t\t\t\t\t<h3 class=\"elementor-heading-title elementor-size-default\">La garantie d\u2019une conciergerie de luxe <\/h3>\t\t\t\t<\/div>\n\t\t\t\t<\/div>\n\t\t\t\t<div class=\"elementor-element elementor-element-70ef932 elementor-widget elementor-widget-text-editor\" data-id=\"70ef932\" data-element_type=\"widget\" data-e-type=\"widget\" data-widget_type=\"text-editor.default\">\n\t\t\t\t<div class=\"elementor-widget-container\">\n\t\t\t\t\t\t\t\t\t<p><span style=\"font-weight: 400;\">La r\u00e9putation de la Suisse en mati\u00e8re de qualit\u00e9 et de rigueur est mondiale. En tant qu\u2019expert en location et <\/span><a href=\"https:\/\/www.cosyhomeconciergerie.ch\/fr\/services-de-conciergerie\/\"><span style=\"font-weight: 400;\">services de conciergerie de luxe <\/span><\/a><span style=\"font-weight: 400;\">en Valais, nous nous devons d\u2019\u00eatre \u00e0 la hauteur de cette r\u00e9putation, en vous proposant des prestations haut de gamme assorties d\u2019un service irr\u00e9prochable.<\/span><\/p><p><span style=\"font-weight: 400;\">Gr\u00e2ce \u00e0 notre connaissance approfondie du secteur et \u00e0 notre r\u00e9seau de professionnels, nous sommes en mesure de proposer<\/span><b> la formule la plus adapt\u00e9e \u00e0 vos besoins.<\/b> <b>Repas de famille, \u00e9v\u00e9nement d\u2019entreprise, cocktail d\u00eenatoire ou soir\u00e9e d\u2019anniversaire<\/b><span style=\"font-weight: 400;\">, nous savons trouver le <\/span><b>meilleur chef \u00e0 domicile<\/b><span style=\"font-weight: 400;\"> en Valais pour chaque situation. C\u2019est cette philosophie du service haut de gamme et de la tranquillit\u00e9 d\u2019esprit que nous nous engageons \u00e0 mettre en \u0153uvre pour chacun de nos clients. <\/span><a href=\"https:\/\/www.cosyhomeconciergerie.ch\/fr\/contact\/\"><span style=\"font-weight: 400;\">Contactez-nous d\u00e8s maintenant<\/span><\/a><span style=\"font-weight: 400;\"> pour en savoir plus.<\/span><\/p>\t\t\t\t\t\t\t\t<\/div>\n\t\t\t\t<\/div>\n\t\t\t\t<\/div>\n\t\t\t\t<\/div>\n\t\t<div class=\"elementor-element elementor-element-a397b2c e-con-full e-flex e-con e-child\" data-id=\"a397b2c\" data-element_type=\"container\" data-e-type=\"container\" data-settings=\"{&quot;background_background&quot;:&quot;classic&quot;}\">\n\t\t\t\t<\/div>\n\t\t\t\t\t<\/div>\n\t\t\t\t<\/div>\n\t\t\t\t<\/div>\n\t\t","protected":false},"excerpt":{"rendered":"<p>Faire appel \u00e0 un chef priv\u00e9 ou \u00e0 un chef \u00e0 domicile est une pratique de plus en plus pris\u00e9e en Suisse, notamment dans des r\u00e9gions touristiques et hupp\u00e9es comme Crans-Montana, Verbier ou d\u2019autres stations du Valais. Que ce soit pour un d\u00eener entre amis, un \u00e9v\u00e9nement d\u2019entreprise ou un repas familial d\u2019exception, l\u2019id\u00e9e de [&hellip;]<\/p>\n","protected":false},"author":7,"featured_media":10485,"comment_status":"closed","ping_status":"closed","sticky":false,"template":"","format":"standard","meta":{"_monsterinsights_skip_tracking":false,"_monsterinsights_sitenote_active":false,"_monsterinsights_sitenote_note":"","_monsterinsights_sitenote_category":0,"footnotes":""},"categories":[274],"tags":[],"class_list":["post-10475","post","type-post","status-publish","format-standard","has-post-thumbnail","hentry","category-inspiration-sejours-valais"],"_links":{"self":[{"href":"https:\/\/www.cosyhomeconciergerie.ch\/fr\/wp-json\/wp\/v2\/posts\/10475","targetHints":{"allow":["GET"]}}],"collection":[{"href":"https:\/\/www.cosyhomeconciergerie.ch\/fr\/wp-json\/wp\/v2\/posts"}],"about":[{"href":"https:\/\/www.cosyhomeconciergerie.ch\/fr\/wp-json\/wp\/v2\/types\/post"}],"author":[{"embeddable":true,"href":"https:\/\/www.cosyhomeconciergerie.ch\/fr\/wp-json\/wp\/v2\/users\/7"}],"replies":[{"embeddable":true,"href":"https:\/\/www.cosyhomeconciergerie.ch\/fr\/wp-json\/wp\/v2\/comments?post=10475"}],"version-history":[{"count":0,"href":"https:\/\/www.cosyhomeconciergerie.ch\/fr\/wp-json\/wp\/v2\/posts\/10475\/revisions"}],"wp:featuredmedia":[{"embeddable":true,"href":"https:\/\/www.cosyhomeconciergerie.ch\/fr\/wp-json\/wp\/v2\/media\/10485"}],"wp:attachment":[{"href":"https:\/\/www.cosyhomeconciergerie.ch\/fr\/wp-json\/wp\/v2\/media?parent=10475"}],"wp:term":[{"taxonomy":"category","embeddable":true,"href":"https:\/\/www.cosyhomeconciergerie.ch\/fr\/wp-json\/wp\/v2\/categories?post=10475"},{"taxonomy":"post_tag","embeddable":true,"href":"https:\/\/www.cosyhomeconciergerie.ch\/fr\/wp-json\/wp\/v2\/tags?post=10475"}],"curies":[{"name":"wp","href":"https:\/\/api.w.org\/{rel}","templated":true}]}}