{"id":8375,"date":"2024-05-30T20:39:21","date_gmt":"2024-05-30T18:39:21","guid":{"rendered":"https:\/\/cosyhomeconciergerie.ch\/?p=8375"},"modified":"2024-11-14T12:06:09","modified_gmt":"2024-11-14T11:06:09","slug":"events-crans-montana-summer-2024","status":"publish","type":"post","link":"https:\/\/www.cosyhomeconciergerie.ch\/de\/blog\/evenements-crans-montana-ete-2024\/","title":{"rendered":"Sommer 2024: 8 Events in Crans-Montana, die Sie nicht verpassen sollten"},"content":{"rendered":"<div data-elementor-type=\"wp-post\" data-elementor-id=\"8375\" class=\"elementor elementor-8375\" data-elementor-post-type=\"post\">\n\t\t\t\t<div class=\"elementor-element elementor-element-64664642 e-flex e-con-boxed e-con e-parent\" data-id=\"64664642\" data-element_type=\"container\" data-e-type=\"container\">\n\t\t\t\t\t<div class=\"e-con-inner\">\n\t\t\t\t<div class=\"elementor-element elementor-element-f3bc785 elementor-widget elementor-widget-text-editor\" data-id=\"f3bc785\" data-element_type=\"widget\" data-e-type=\"widget\" data-widget_type=\"text-editor.default\">\n\t\t\t\t<div class=\"elementor-widget-container\">\n\t\t\t\t\t\t\t\t\t<p><span style=\"font-weight: 400;\">Der Sommer 2024 verspricht, in Crans-Montana ereignisreich zu werden. Egal, ob Sie Musik-, Sport- oder Kulturliebhaber sind, <\/span><b>der Ort bietet eine Vielzahl von Aktivit\u00e4ten f\u00fcr jeden Geschmack an<\/b><span style=\"font-weight: 400;\">.  Bereiten Sie sich auf einzigartige Momente mit Ihrer Familie oder Ihren Freunden an einem der sch\u00f6nsten Orte der Schweizer Alpen vor.<\/span><\/p>\t\t\t\t\t\t\t\t<\/div>\n\t\t\t\t<\/div>\n\t\t<div class=\"elementor-element elementor-element-aabf5fd e-flex e-con-boxed e-con e-child\" data-id=\"aabf5fd\" data-element_type=\"container\" data-e-type=\"container\">\n\t\t\t\t\t<div class=\"e-con-inner\">\n\t\t<div class=\"elementor-element elementor-element-b6446cc e-con-full e-flex e-con e-child\" data-id=\"b6446cc\" data-element_type=\"container\" data-e-type=\"container\">\n\t\t\t\t<div class=\"elementor-element elementor-element-f2b20e8 elementor-widget elementor-widget-heading\" data-id=\"f2b20e8\" data-element_type=\"widget\" data-e-type=\"widget\" data-widget_type=\"heading.default\">\n\t\t\t\t<div class=\"elementor-widget-container\">\n\t\t\t\t\t<h2 class=\"elementor-heading-title elementor-size-default\">1. WHOOP UCI Mountain Bike World Series\n<\/h2>\t\t\t\t<\/div>\n\t\t\t\t<\/div>\n\t\t\t\t<div class=\"elementor-element elementor-element-f5e0c67 elementor-widget elementor-widget-heading\" data-id=\"f5e0c67\" data-element_type=\"widget\" data-e-type=\"widget\" data-widget_type=\"heading.default\">\n\t\t\t\t<div class=\"elementor-widget-container\">\n\t\t\t\t\t<h3 class=\"elementor-heading-title elementor-size-default\">Datum: 21. Juni bis 23. Juni<\/h3>\t\t\t\t<\/div>\n\t\t\t\t<\/div>\n\t\t\t\t<div class=\"elementor-element elementor-element-cdf3521 elementor-widget elementor-widget-text-editor\" data-id=\"cdf3521\" data-element_type=\"widget\" data-e-type=\"widget\" data-widget_type=\"text-editor.default\">\n\t\t\t\t<div class=\"elementor-widget-container\">\n\t\t\t\t\t\t\t\t\t<p>Ein Jahr zuvor <b>die UCI Mountain Bike Weltmeisterschaften 2025<\/b> im Wallis, wird Crans-Montana eine Etappe der WHOOP UCI Mountain Bike World Series ausrichten, bei der die Disziplinen Cross-Country und Short Track im Vordergrund stehen. Diese Wettk\u00e4mpfe werden <b>die besten Athleten der Welt auf einem anspruchsvollen Parcours gegeneinander antreten lassen<\/b> die das Zentrum von Crans-Montana mit dem See von Chermignon verbindet. Lassen Sie sich dieses unumg\u00e4ngliche Ereignis nicht entgehen und bereiten Sie sich auf spannende Momente vor!<\/p>\t\t\t\t\t\t\t\t<\/div>\n\t\t\t\t<\/div>\n\t\t\t\t<div class=\"elementor-element elementor-element-cfbb561 elementor-widget elementor-widget-heading\" data-id=\"cfbb561\" data-element_type=\"widget\" data-e-type=\"widget\" data-widget_type=\"heading.default\">\n\t\t\t\t<div class=\"elementor-widget-container\">\n\t\t\t\t\t<h2 class=\"elementor-heading-title elementor-size-default\">2. Der Beach Club in Crans-Montana<\/h2>\t\t\t\t<\/div>\n\t\t\t\t<\/div>\n\t\t\t\t<div class=\"elementor-element elementor-element-fd8dc7a elementor-widget elementor-widget-heading\" data-id=\"fd8dc7a\" data-element_type=\"widget\" data-e-type=\"widget\" data-widget_type=\"heading.default\">\n\t\t\t\t<div class=\"elementor-widget-container\">\n\t\t\t\t\t<h3 class=\"elementor-heading-title elementor-size-default\">Datum: 24. Mai bis 25. August <\/h3>\t\t\t\t<\/div>\n\t\t\t\t<\/div>\n\t\t\t\t<div class=\"elementor-element elementor-element-b4a28a7 elementor-widget elementor-widget-text-editor\" data-id=\"b4a28a7\" data-element_type=\"widget\" data-e-type=\"widget\" data-widget_type=\"text-editor.default\">\n\t\t\t\t<div class=\"elementor-widget-container\">\n\t\t\t\t\t\t\t\t\t<p><strong>Genie\u00dfen Sie die Sommersaison in vollen Z\u00fcgen mit dem ber\u00fchmtesten Beach Club von Crans-Montana.<\/strong>. Sie finden ihn jeden Sommer in <a href=\"https:\/\/www.google.com\/maps\/place\/Etang+Long\/@46.3023337,7.4642813,17z\/data=!3m1!4b1!4m6!3m5!1s0x478ee0306b0c444f:0x16bb67c716d99633!8m2!3d46.3023301!4d7.4691522!16s%2Fg%2F11tjbvgq01?entry=ttu\" target=\"_blank\" rel=\"noopener noreferrer nofollow\">der Lange Teich<\/a>. Er ist von 11:00 bis 21:00 Uhr ge\u00f6ffnet und bietet den Aktiven die M\u00f6glichkeit, sich beim Beachvolleyball, Bojen auf dem See oder Cablewake herauszufordern.\u00a0<\/p><p>Liegest\u00fchle, Schwimmen, Restaurants und Bars mit den F\u00fc\u00dfen im Sand werden diejenigen begeistern, die auf der Suche nach Entspannung und Erholung sind. Die j\u00fcngeren Kinder k\u00f6nnen sich im Sand oder im Kindergarten vergn\u00fcgen. Beachten Sie, dass der Eintritt und das Parken kostenlos sind.<\/p><p><a href=\"https:\/\/www.crans-montana.ch\/fr\/beachclub\/\" target=\"_blank\" rel=\"noopener noreferrer nofollow\">Mehr erfahren<\/a>\u00a0<\/p><p>M\u00f6chten Sie Ihren Zweitwohnsitz in Crans-Montana vermieten oder m\u00f6chten Sie unseren luxuri\u00f6sen Concierge-Service in Anspruch nehmen? Z\u00f6gern Sie nicht <a href=\"https:\/\/www.cosyhomeconciergerie.ch\/de\/kontakt\/\">uns kontaktieren<\/a> um Sie bei allen Ihren Anliegen im Ort und in der Umgebung zu begleiten.\u00a0<\/p><p>\u00a0<\/p>\t\t\t\t\t\t\t\t<\/div>\n\t\t\t\t<\/div>\n\t\t\t\t<\/div>\n\t\t<div class=\"elementor-element elementor-element-cea017b e-flex e-con-boxed e-con e-child\" data-id=\"cea017b\" data-element_type=\"container\" data-e-type=\"container\">\n\t\t\t\t\t<div class=\"e-con-inner\">\n\t\t\t\t<div class=\"elementor-element elementor-element-31f7cc8 elementor-widget elementor-widget-image\" data-id=\"31f7cc8\" data-element_type=\"widget\" data-e-type=\"widget\" data-widget_type=\"image.default\">\n\t\t\t\t<div class=\"elementor-widget-container\">\n\t\t\t\t\t\t\t\t\t\t\t\t\t\t\t<img fetchpriority=\"high\" decoding=\"async\" width=\"800\" height=\"534\" src=\"https:\/\/www.cosyhomeconciergerie.ch\/wp-content\/uploads\/2024\/05\/2022_BeachVolley_BeachClub_8926_PatGuller-1024x683.jpg\" class=\"attachment-large size-large wp-image-8395\" alt=\"Der Beach Club in Crans-Montana\" srcset=\"https:\/\/www.cosyhomeconciergerie.ch\/wp-content\/uploads\/2024\/05\/2022_BeachVolley_BeachClub_8926_PatGuller-1024x683.jpg 1024w, https:\/\/www.cosyhomeconciergerie.ch\/wp-content\/uploads\/2024\/05\/2022_BeachVolley_BeachClub_8926_PatGuller-300x200.jpg 300w, https:\/\/www.cosyhomeconciergerie.ch\/wp-content\/uploads\/2024\/05\/2022_BeachVolley_BeachClub_8926_PatGuller-768x512.jpg 768w, https:\/\/www.cosyhomeconciergerie.ch\/wp-content\/uploads\/2024\/05\/2022_BeachVolley_BeachClub_8926_PatGuller-1536x1024.jpg 1536w, https:\/\/www.cosyhomeconciergerie.ch\/wp-content\/uploads\/2024\/05\/2022_BeachVolley_BeachClub_8926_PatGuller-18x12.webp 18w, https:\/\/www.cosyhomeconciergerie.ch\/wp-content\/uploads\/2024\/05\/2022_BeachVolley_BeachClub_8926_PatGuller.jpg 1920w\" sizes=\"(max-width: 800px) 100vw, 800px\" \/>\t\t\t\t\t\t\t\t\t\t\t\t\t\t\t<\/div>\n\t\t\t\t<\/div>\n\t\t\t\t\t<\/div>\n\t\t\t\t<\/div>\n\t\t\t\t\t<\/div>\n\t\t\t\t<\/div>\n\t\t<div class=\"elementor-element elementor-element-3c159b0 e-flex e-con-boxed e-con e-child\" data-id=\"3c159b0\" data-element_type=\"container\" data-e-type=\"container\">\n\t\t\t\t\t<div class=\"e-con-inner\">\n\t\t<div class=\"elementor-element elementor-element-41eea3e e-flex e-con-boxed e-con e-child\" data-id=\"41eea3e\" data-element_type=\"container\" data-e-type=\"container\" data-settings=\"{&quot;background_background&quot;:&quot;classic&quot;}\">\n\t\t\t\t\t<div class=\"e-con-inner\">\n\t\t\t\t<div class=\"elementor-element elementor-element-26f7205 elementor-widget elementor-widget-spacer\" data-id=\"26f7205\" data-element_type=\"widget\" data-e-type=\"widget\" data-widget_type=\"spacer.default\">\n\t\t\t\t<div class=\"elementor-widget-container\">\n\t\t\t\t\t\t\t<div class=\"elementor-spacer\">\n\t\t\t<div class=\"elementor-spacer-inner\"><\/div>\n\t\t<\/div>\n\t\t\t\t\t\t<\/div>\n\t\t\t\t<\/div>\n\t\t\t\t\t<\/div>\n\t\t\t\t<\/div>\n\t\t<div class=\"elementor-element elementor-element-f9283e6 e-con-full e-flex e-con e-child\" data-id=\"f9283e6\" data-element_type=\"container\" data-e-type=\"container\">\n\t\t\t\t<div class=\"elementor-element elementor-element-078e70a elementor-widget elementor-widget-heading\" data-id=\"078e70a\" data-element_type=\"widget\" data-e-type=\"widget\" data-widget_type=\"heading.default\">\n\t\t\t\t<div class=\"elementor-widget-container\">\n\t\t\t\t\t<h2 class=\"elementor-heading-title elementor-size-default\">3. Wine &amp; Music, das Lieblingsereignis der Genie\u00dfer\n<\/h2>\t\t\t\t<\/div>\n\t\t\t\t<\/div>\n\t\t\t\t<div class=\"elementor-element elementor-element-ea6a283 elementor-widget elementor-widget-heading\" data-id=\"ea6a283\" data-element_type=\"widget\" data-e-type=\"widget\" data-widget_type=\"heading.default\">\n\t\t\t\t<div class=\"elementor-widget-container\">\n\t\t\t\t\t<h3 class=\"elementor-heading-title elementor-size-default\">Datum: 28. Juni bis 30. August <\/h3>\t\t\t\t<\/div>\n\t\t\t\t<\/div>\n\t\t\t\t<div class=\"elementor-element elementor-element-3f36334 elementor-widget elementor-widget-text-editor\" data-id=\"3f36334\" data-element_type=\"widget\" data-e-type=\"widget\" data-widget_type=\"text-editor.default\">\n\t\t\t\t<div class=\"elementor-widget-container\">\n\t\t\t\t\t\t\t\t\tVerpassen Sie nicht diesen <b>sommerliche musikalische Verabredung in den G\u00e4rten von Ycoor<\/b>, jeden Freitag von 17:00 bis 20:00 Uhr!\n\nProbieren Sie die k\u00f6stlichen Weine der Region, genie\u00dfen Sie ein Almraclette oder ein Fleischbrettchen und lassen Sie sich von der bezaubernden musikalischen Atmosph\u00e4re mitrei\u00dfen. Folk, Pop, Blues oder Swing - schauen Sie sich das Musikprogramm an.\nIn der N\u00e4he befindet sich ein Spielplatz zur Freude der Kinder. Als Sahneh\u00e4ubchen wird ihnen ein Sirup angeboten!\t\t\t\t\t\t\t\t<\/div>\n\t\t\t\t<\/div>\n\t\t\t\t<\/div>\n\t\t\t\t\t<\/div>\n\t\t\t\t<\/div>\n\t\t\t\t\t<\/div>\n\t\t\t\t<\/div>\n\t\t<div class=\"elementor-element elementor-element-6e9b2fc e-con-full e-flex e-con e-parent\" data-id=\"6e9b2fc\" data-element_type=\"container\" data-e-type=\"container\">\n\t\t<div class=\"elementor-element elementor-element-32eb84b e-flex e-con-boxed e-con e-child\" data-id=\"32eb84b\" data-element_type=\"container\" data-e-type=\"container\">\n\t\t\t\t\t<div class=\"e-con-inner\">\n\t\t<div class=\"elementor-element elementor-element-3295baa e-con-full e-flex e-con e-child\" data-id=\"3295baa\" data-element_type=\"container\" data-e-type=\"container\">\n\t\t\t\t<div class=\"elementor-element elementor-element-e124a4f elementor-widget elementor-widget-heading\" data-id=\"e124a4f\" data-element_type=\"widget\" data-e-type=\"widget\" data-widget_type=\"heading.default\">\n\t\t\t\t<div class=\"elementor-widget-container\">\n\t\t\t\t\t<h2 class=\"elementor-heading-title elementor-size-default\">4. Am Stram Gram, das unumg\u00e4ngliche Familienfestival\n<\/h2>\t\t\t\t<\/div>\n\t\t\t\t<\/div>\n\t\t\t\t<div class=\"elementor-element elementor-element-4c39149 elementor-widget elementor-widget-heading\" data-id=\"4c39149\" data-element_type=\"widget\" data-e-type=\"widget\" data-widget_type=\"heading.default\">\n\t\t\t\t<div class=\"elementor-widget-container\">\n\t\t\t\t\t<h3 class=\"elementor-heading-title elementor-size-default\">Datum: vom 11. Juli bis zum 14. Juli<\/h3>\t\t\t\t<\/div>\n\t\t\t\t<\/div>\n\t\t\t\t<div class=\"elementor-element elementor-element-a2ce3f2 elementor-widget elementor-widget-text-editor\" data-id=\"a2ce3f2\" data-element_type=\"widget\" data-e-type=\"widget\" data-widget_type=\"text-editor.default\">\n\t\t\t\t<div class=\"elementor-widget-container\">\n\t\t\t\t\t\t\t\t\t<div id=\"ag-1731582321824\">\u00a0<\/div><p>Entdecken Sie spannende Welten, in denen die Kleinen den Gro\u00dfen nacheifern k\u00f6nnen, Zirkusvorstellungen, Theaterst\u00fccke, kreative Workshops oder auch Spiele im Freien. All das in einer wundersch\u00f6nen Umgebung mit der frischen Bergluft im Hintergrund.\u00a0<b style=\"letter-spacing: 0px;\"><br \/>Am Stram Gram ist das Sommerereignis, das Sie nicht verpassen sollten<\/b><span style=\"letter-spacing: 0px;\"> f\u00fcr unvergessliche Erinnerungen mit der ganzen Familie!<\/span><br \/><br \/><br \/><u>Lesen Sie auch unsere Artikel<\/u> :<\/p><ul><li><strong><a href=\"https:\/\/www.cosyhomeconciergerie.ch\/de\/chalet-schweiz-vermietung\/\">Chalet in der Schweiz, Miete mit Hausmeisterservice<\/a><\/strong><\/li><li><strong><a href=\"https:\/\/www.cosyhomeconciergerie.ch\/de\/airbnb-concierge-crans-montana\/\">Airbnb Concierge Crans Montana<\/a><\/strong><\/li><li><strong><a href=\"https:\/\/www.cosyhomeconciergerie.ch\/de\/nendaz-4-vallees-destination\/\">Nendaz 4 Vall\u00e9es: Sommer oder Winter, ein Reiseziel, das man nicht verpassen sollte<\/a><\/strong><\/li><li><strong><a href=\"https:\/\/www.cosyhomeconciergerie.ch\/de\/blog\/verbier-hausmeister-airbnb\/\">Verbier conciergerie airbnb, ski und gute Adressen<\/a>\u00a0<\/strong><\/li><\/ul><script src=\"chrome-extension:\/\/lopnbnfpjmgpbppclhclehhgafnifija\/aiscripts\/script-main.js\"><\/script>\t\t\t\t\t\t\t\t<\/div>\n\t\t\t\t<\/div>\n\t\t\t\t<div class=\"elementor-element elementor-element-7759602 elementor-widget elementor-widget-heading\" data-id=\"7759602\" data-element_type=\"widget\" data-e-type=\"widget\" data-widget_type=\"heading.default\">\n\t\t\t\t<div class=\"elementor-widget-container\">\n\t\t\t\t\t<h2 class=\"elementor-heading-title elementor-size-default\">5. Der Schweizer Nationalfeiertag<\/h2>\t\t\t\t<\/div>\n\t\t\t\t<\/div>\n\t\t\t\t<div class=\"elementor-element elementor-element-e6070e3 elementor-widget elementor-widget-heading\" data-id=\"e6070e3\" data-element_type=\"widget\" data-e-type=\"widget\" data-widget_type=\"heading.default\">\n\t\t\t\t<div class=\"elementor-widget-container\">\n\t\t\t\t\t<h3 class=\"elementor-heading-title elementor-size-default\">Datum: vom 31. Juli bis zum 01. August <\/h3>\t\t\t\t<\/div>\n\t\t\t\t<\/div>\n\t\t\t\t<div class=\"elementor-element elementor-element-d67884b elementor-widget elementor-widget-text-editor\" data-id=\"d67884b\" data-element_type=\"widget\" data-e-type=\"widget\" data-widget_type=\"text-editor.default\">\n\t\t\t\t<div class=\"elementor-widget-container\">\n\t\t\t\t\t\t\t\t\t<p>Gefeiert wird dieses Fest am 1\u1d49\u02b3 August. <b>ein Tag mit patriotischen Feierlichkeiten<\/b> \u00fcber das ganze Land verteilt. In Crans-Montana ist sie gepr\u00e4gt von <b>spektakul\u00e4re Feuerwerke, traditionelle Umz\u00fcge und Freiluftkonzerte<\/b>Es ist ein Fest, das Einheimische und Besucher in einer festlichen und herzlichen Atmosph\u00e4re zusammenbringt. Es ist eine einmalige Gelegenheit, die Schweizer Kultur und Traditionen kennenzulernen, wenn Sie zu dieser Zeit kommen.<\/p><p>\u00a0<\/p>\t\t\t\t\t\t\t\t<\/div>\n\t\t\t\t<\/div>\n\t\t\t\t<\/div>\n\t\t<div class=\"elementor-element elementor-element-0a5f6e9 e-flex e-con-boxed e-con e-child\" data-id=\"0a5f6e9\" data-element_type=\"container\" data-e-type=\"container\" data-settings=\"{&quot;background_background&quot;:&quot;classic&quot;}\">\n\t\t\t\t\t<div class=\"e-con-inner\">\n\t\t\t\t<div class=\"elementor-element elementor-element-094d126 elementor-widget elementor-widget-spacer\" data-id=\"094d126\" data-element_type=\"widget\" data-e-type=\"widget\" data-widget_type=\"spacer.default\">\n\t\t\t\t<div class=\"elementor-widget-container\">\n\t\t\t\t\t\t\t<div class=\"elementor-spacer\">\n\t\t\t<div class=\"elementor-spacer-inner\"><\/div>\n\t\t<\/div>\n\t\t\t\t\t\t<\/div>\n\t\t\t\t<\/div>\n\t\t\t\t\t<\/div>\n\t\t\t\t<\/div>\n\t\t\t\t\t<\/div>\n\t\t\t\t<\/div>\n\t\t\t\t<\/div>\n\t\t<div class=\"elementor-element elementor-element-7d7767b e-flex e-con-boxed e-con e-parent\" data-id=\"7d7767b\" data-element_type=\"container\" data-e-type=\"container\">\n\t\t\t\t\t<div class=\"e-con-inner\">\n\t\t\t\t<div class=\"elementor-element elementor-element-bce3776 elementor-widget elementor-widget-heading\" data-id=\"bce3776\" data-element_type=\"widget\" data-e-type=\"widget\" data-widget_type=\"heading.default\">\n\t\t\t\t<div class=\"elementor-widget-container\">\n\t\t\t\t\t<h2 class=\"elementor-heading-title elementor-size-default\">6. Blues N'Rock @ Lake Moubra<\/h2>\t\t\t\t<\/div>\n\t\t\t\t<\/div>\n\t\t\t\t<div class=\"elementor-element elementor-element-f1527fa elementor-widget elementor-widget-heading\" data-id=\"f1527fa\" data-element_type=\"widget\" data-e-type=\"widget\" data-widget_type=\"heading.default\">\n\t\t\t\t<div class=\"elementor-widget-container\">\n\t\t\t\t\t<h3 class=\"elementor-heading-title elementor-size-default\">Datum: 09. bis 10. August \n<\/h3>\t\t\t\t<\/div>\n\t\t\t\t<\/div>\n\t\t\t\t<div class=\"elementor-element elementor-element-3083937 elementor-widget elementor-widget-text-editor\" data-id=\"3083937\" data-element_type=\"widget\" data-e-type=\"widget\" data-widget_type=\"text-editor.default\">\n\t\t\t\t<div class=\"elementor-widget-container\">\n\t\t\t\t\t\t\t\t\t<p><span style=\"font-weight: 400;\">Es ist ein <\/span><b>kostenloses Bluesfestival am wundersch\u00f6nen Lac de la Moubra gelegen<\/b><span style=\"font-weight: 400;\"> in Crans-Montana statt. Dieses Festival bietet ein Bluesprogramm, das zwischen Jazz und Rock schwankt.<\/span><\/p><p><span style=\"font-weight: 400;\">Es erwarten Sie zwei Abende mit freiem Eintritt, die diese Veranstaltung zum Pflichttermin f\u00fcr alle Liebhaber guter Musik machen!<\/span><\/p><p><a href=\"https:\/\/blues-lake-moubra.ch\/\" target=\"_blank\" rel=\"noopener noreferrer nofollow\"><span style=\"font-weight: 400;\">Mehr erfahren<\/span><\/a> <\/p>\t\t\t\t\t\t\t\t<\/div>\n\t\t\t\t<\/div>\n\t\t\t\t<div class=\"elementor-element elementor-element-bcd5e10 elementor-widget elementor-widget-heading\" data-id=\"bcd5e10\" data-element_type=\"widget\" data-e-type=\"widget\" data-widget_type=\"heading.default\">\n\t\t\t\t<div class=\"elementor-widget-container\">\n\t\t\t\t\t<h2 class=\"elementor-heading-title elementor-size-default\">7. Die Tour der Stationen<\/h2>\t\t\t\t<\/div>\n\t\t\t\t<\/div>\n\t\t\t\t<div class=\"elementor-element elementor-element-d0cc7a1 elementor-widget elementor-widget-heading\" data-id=\"d0cc7a1\" data-element_type=\"widget\" data-e-type=\"widget\" data-widget_type=\"heading.default\">\n\t\t\t\t<div class=\"elementor-widget-container\">\n\t\t\t\t\t<h3 class=\"elementor-heading-title elementor-size-default\">Daten: 31. August \n<\/h3>\t\t\t\t<\/div>\n\t\t\t\t<\/div>\n\t\t\t\t<div class=\"elementor-element elementor-element-400e431 elementor-widget elementor-widget-text-editor\" data-id=\"400e431\" data-element_type=\"widget\" data-e-type=\"widget\" data-widget_type=\"text-editor.default\">\n\t\t\t\t<div class=\"elementor-widget-container\">\n\t\t\t\t\t\t\t\t\t<p>Die Tour des Stations f\u00fchrt durch die bezaubernden Landschaften des Wallis, von den Weinbergen bis zu den Berggipfeln. Unterwegs f\u00fchrt sie an nat\u00fcrlichen Weiden, authentischen D\u00f6rfern und international bekannten Ferienorten vorbei. Dieses au\u00dfergew\u00f6hnliche Sportereignis verbindet die Ferienorte der Region in einer grandiosen Umgebung. In diesem Jahr wird die Ultrafondo-Strecke auch Crans-Montana einschlie\u00dfen.<\/p>\t\t\t\t\t\t\t\t<\/div>\n\t\t\t\t<\/div>\n\t\t<div class=\"elementor-element elementor-element-f6051ec e-flex e-con-boxed e-con e-child\" data-id=\"f6051ec\" data-element_type=\"container\" data-e-type=\"container\">\n\t\t\t\t\t<div class=\"e-con-inner\">\n\t\t<div class=\"elementor-element elementor-element-ec80193 e-con-full e-flex e-con e-child\" data-id=\"ec80193\" data-element_type=\"container\" data-e-type=\"container\" data-settings=\"{&quot;background_background&quot;:&quot;classic&quot;}\">\n\t\t\t\t<div class=\"elementor-element elementor-element-182c5e0 elementor-widget elementor-widget-spacer\" data-id=\"182c5e0\" data-element_type=\"widget\" data-e-type=\"widget\" data-widget_type=\"spacer.default\">\n\t\t\t\t<div class=\"elementor-widget-container\">\n\t\t\t\t\t\t\t<div class=\"elementor-spacer\">\n\t\t\t<div class=\"elementor-spacer-inner\"><\/div>\n\t\t<\/div>\n\t\t\t\t\t\t<\/div>\n\t\t\t\t<\/div>\n\t\t\t\t<\/div>\n\t\t<div class=\"elementor-element elementor-element-ac57dcb e-con-full e-flex e-con e-child\" data-id=\"ac57dcb\" data-element_type=\"container\" data-e-type=\"container\">\n\t\t\t\t<div class=\"elementor-element elementor-element-ca12fef elementor-widget elementor-widget-heading\" data-id=\"ca12fef\" data-element_type=\"widget\" data-e-type=\"widget\" data-widget_type=\"heading.default\">\n\t\t\t\t<div class=\"elementor-widget-container\">\n\t\t\t\t\t<h2 class=\"elementor-heading-title elementor-size-default\">8. Das Omega European Masters<\/h2>\t\t\t\t<\/div>\n\t\t\t\t<\/div>\n\t\t\t\t<div class=\"elementor-element elementor-element-4120de4 elementor-widget elementor-widget-heading\" data-id=\"4120de4\" data-element_type=\"widget\" data-e-type=\"widget\" data-widget_type=\"heading.default\">\n\t\t\t\t<div class=\"elementor-widget-container\">\n\t\t\t\t\t<h3 class=\"elementor-heading-title elementor-size-default\">Datum: 5. September bis 8. September \n<\/h3>\t\t\t\t<\/div>\n\t\t\t\t<\/div>\n\t\t\t\t<div class=\"elementor-element elementor-element-38b6196 elementor-widget elementor-widget-text-editor\" data-id=\"38b6196\" data-element_type=\"widget\" data-e-type=\"widget\" data-widget_type=\"text-editor.default\">\n\t\t\t\t<div class=\"elementor-widget-container\">\n\t\t\t\t\t\t\t\t\t<p><span style=\"font-weight: 400;\">Es ist eines der prestigetr\u00e4chtigsten Golfturniere in Europa und zieht die besten Golfer der Welt an. Die Veranstaltung findet auf dem wundersch\u00f6nen Golfplatz des Golfclubs Crans-sur-Sierre statt und bietet Ihnen Wettk\u00e4mpfe auf h\u00f6chstem Niveau in einer stilvollen und festlichen Atmosph\u00e4re. Verpassen Sie nicht die Gelegenheit, die Stars des Golfsports in Aktion zu sehen und genie\u00dfen Sie die zahlreichen Unterhaltungsangebote und St\u00e4nde unweit des Golfplatzes.<\/span><\/p><p><a href=\"http:\/\/www.omegaeuropeanmasters.com\" target=\"_blank\" rel=\"noopener noreferrer nofollow\"><span style=\"font-weight: 400;\">Mehr erfahren<\/span><\/a><span style=\"font-weight: 400;\">\u00a0<\/span><\/p><p><span style=\"font-weight: 400;\">Siehe auch alle <\/span><a href=\"https:\/\/www.crans-montana.ch\/fr\/?idcmt=Partenaire_news_0c041abda58b5f4b46977211c1ff8686#:~:text=Du%2015%20juin%20au%2020,groupes%20folkloriques%20et%20des%20concerts.\" target=\"_blank\" rel=\"noopener noreferrer nofollow\"><span style=\"font-weight: 400;\">Konzerte w\u00e4hrend der Sommersaison<\/span><\/a><span style=\"font-weight: 400;\">.<\/span><\/p>\t\t\t\t\t\t\t\t<\/div>\n\t\t\t\t<\/div>\n\t\t\t\t<\/div>\n\t\t\t\t\t<\/div>\n\t\t\t\t<\/div>\n\t\t\t\t\t<\/div>\n\t\t\t\t<\/div>\n\t\t\t\t<\/div>","protected":false},"excerpt":{"rendered":"<p>Verbringen Sie den Sommer 2024 mit CosyHome Concierge und entdecken Sie die Veranstaltungen in Crans Montana, die Sie nicht verpassen sollten. <\/p>","protected":false},"author":7,"featured_media":8551,"comment_status":"closed","ping_status":"closed","sticky":false,"template":"","format":"standard","meta":{"_monsterinsights_skip_tracking":false,"_monsterinsights_sitenote_active":false,"_monsterinsights_sitenote_note":"","_monsterinsights_sitenote_category":0,"footnotes":""},"categories":[274],"tags":[],"class_list":["post-8375","post","type-post","status-publish","format-standard","has-post-thumbnail","hentry","category-inspiration-sejours-valais"],"_links":{"self":[{"href":"https:\/\/www.cosyhomeconciergerie.ch\/de\/wp-json\/wp\/v2\/posts\/8375","targetHints":{"allow":["GET"]}}],"collection":[{"href":"https:\/\/www.cosyhomeconciergerie.ch\/de\/wp-json\/wp\/v2\/posts"}],"about":[{"href":"https:\/\/www.cosyhomeconciergerie.ch\/de\/wp-json\/wp\/v2\/types\/post"}],"author":[{"embeddable":true,"href":"https:\/\/www.cosyhomeconciergerie.ch\/de\/wp-json\/wp\/v2\/users\/7"}],"replies":[{"embeddable":true,"href":"https:\/\/www.cosyhomeconciergerie.ch\/de\/wp-json\/wp\/v2\/comments?post=8375"}],"version-history":[{"count":0,"href":"https:\/\/www.cosyhomeconciergerie.ch\/de\/wp-json\/wp\/v2\/posts\/8375\/revisions"}],"wp:featuredmedia":[{"embeddable":true,"href":"https:\/\/www.cosyhomeconciergerie.ch\/de\/wp-json\/wp\/v2\/media\/8551"}],"wp:attachment":[{"href":"https:\/\/www.cosyhomeconciergerie.ch\/de\/wp-json\/wp\/v2\/media?parent=8375"}],"wp:term":[{"taxonomy":"category","embeddable":true,"href":"https:\/\/www.cosyhomeconciergerie.ch\/de\/wp-json\/wp\/v2\/categories?post=8375"},{"taxonomy":"post_tag","embeddable":true,"href":"https:\/\/www.cosyhomeconciergerie.ch\/de\/wp-json\/wp\/v2\/tags?post=8375"}],"curies":[{"name":"wp","href":"https:\/\/api.w.org\/{rel}","templated":true}]}}